{"id":16914,"date":"2026-02-18T10:30:27","date_gmt":"2026-02-18T13:30:27","guid":{"rendered":"https:\/\/lalupa24.com.ar\/?p=16914"},"modified":"2026-02-18T10:30:28","modified_gmt":"2026-02-18T13:30:28","slug":"crisis-en-el-sector-privado-argentina-perdio-mas-de-21-000-empresas-empleadoras-en-dos-anos","status":"publish","type":"post","link":"https:\/\/lalupa24.com.ar\/index.php\/2026\/02\/18\/crisis-en-el-sector-privado-argentina-perdio-mas-de-21-000-empresas-empleadoras-en-dos-anos\/","title":{"rendered":"CRISIS EN EL SECTOR PRIVADO: ARGENTINA PERDI\u00d3 M\u00c1S DE 21.000 EMPRESAS EMPLEADORAS EN DOS A\u00d1OS"},"content":{"rendered":"\n<p>La estructura productiva de Argentina enfrenta un panorama cr\u00edtico tras revelarse que, en el transcurso de los \u00faltimos dos a\u00f1os, m\u00e1s de 21.000 empresas empleadoras del sector privado han cesado sus operaciones. Este fen\u00f3meno no solo refleja una contracci\u00f3n en el tejido empresarial, sino que pone de manifiesto la profundidad de una recesi\u00f3n que afecta la sostenibilidad del empleo formal y la inversi\u00f3n productiva en el pa\u00eds. El cierre masivo de unidades econ\u00f3micas marca un punto de inflexi\u00f3n en la din\u00e1mica del mercado laboral, planteando desaf\u00edos urgentes para la recuperaci\u00f3n econ\u00f3mica a mediano plazo.<\/p>\n\n\n\n<p>De acuerdo con informes de consultoras econ\u00f3micas y datos de registros oficiales, la ca\u00edda ha afectado de manera transversal a diversos sectores, aunque con un impacto m\u00e1s severo en las peque\u00f1as y medianas empresas (PyMEs). Estas entidades, que constituyen la columna vertebral del empleo en el pa\u00eds, se han visto asfixiadas por una combinaci\u00f3n de factores que incluyen la alta presi\u00f3n impositiva, la dificultad de acceso al cr\u00e9dito y una ca\u00edda persistente en el consumo interno. El entorno macroecon\u00f3mico actual ha forzado a miles de emprendedores y due\u00f1os de negocios a bajar las persianas ante la imposibilidad de afrontar costos operativos crecientes.<\/p>\n\n\n\n<p>El an\u00e1lisis de expertos en econom\u00eda laboral sugiere que esta p\u00e9rdida de empresas no es un evento aislado, sino la culminaci\u00f3n de un proceso de deterioro que se ha acelerado en los \u00faltimos 24 meses. La incertidumbre sobre las reglas de juego y la volatilidad cambiaria han desincentivado la reinversi\u00f3n de capital, llevando a muchas firmas a una situaci\u00f3n de insolvencia. Las estad\u00edsticas muestran que el ritmo de desaparici\u00f3n de empresas ha superado con creces la creaci\u00f3n de nuevos emprendimientos, lo que resulta en un saldo neto negativo que debilita la capacidad de respuesta productiva del pa\u00eds ante una eventual reactivaci\u00f3n.<\/p>\n\n\n\n<p>Desde una perspectiva sectorial, el comercio y la industria manufacturera se posicionan como las \u00e1reas m\u00e1s golpeadas por esta tendencia. La reducci\u00f3n en la cantidad de empleadores privados tiene un efecto cascada en las cadenas de suministro locales, afectando no solo a los trabajadores directos sino tambi\u00e9n a proveedores y servicios asociados. Analistas del sector industrial advierten que la p\u00e9rdida de capacidad instalada y de saber hacer profesional es un da\u00f1o dif\u00edcil de revertir, ya que la reconstrucci\u00f3n de una empresa demanda a\u00f1os de estabilidad que el mercado argentino a\u00fan no logra garantizar.<\/p>\n\n\n\n<p>En el plano social, las implicancias son profundas debido al incremento de la informalidad laboral. Ante el cierre de fuentes de trabajo registradas, una parte significativa de la poblaci\u00f3n activa se ve desplazada hacia el empleo precario o el cuentapropismo de subsistencia, lo que reduce la base de aportes al sistema de seguridad social y previsional. Organizaciones empresariales han manifestado su preocupaci\u00f3n, se\u00f1alando que sin una reforma integral que alivie la carga burocr\u00e1tica y fiscal, el n\u00famero de empresas empleadoras podr\u00eda seguir disminuyendo en los pr\u00f3ximos trimestres.<\/p>\n\n\n\n<p>El futuro de la econom\u00eda argentina depender\u00e1, en gran medida, de la implementaci\u00f3n de pol\u00edticas que fomenten la creaci\u00f3n de nuevas empresas y la protecci\u00f3n de las existentes. La proyecci\u00f3n para el resto del a\u00f1o indica que, si no se estabilizan las variables macroecon\u00f3micas fundamentales, el riesgo de un mayor achicamiento del sector privado permanece latente. La recuperaci\u00f3n del tejido empresarial ser\u00e1 un proceso lento que requerir\u00e1 de consensos pol\u00edticos y econ\u00f3micos s\u00f3lidos para devolver la confianza a los inversores y garantizar la generaci\u00f3n de empleo genuino y de calidad.<\/p>\n\n\n\n<p><\/p>\n","protected":false},"excerpt":{"rendered":"<p>La estructura productiva de Argentina enfrenta un panorama cr\u00edtico tras revelarse que, en el transcurso de los \u00faltimos dos a\u00f1os, m\u00e1s de 21.000 empresas empleadoras del sector privado han cesado sus operaciones. Este fen\u00f3meno no solo refleja una contracci\u00f3n en el tejido empresarial, sino que pone de manifiesto la profundidad de una recesi\u00f3n que afecta [&hellip;]<\/p>\n","protected":false},"author":2,"featured_media":16890,"comment_status":"open","ping_status":"open","sticky":false,"template":"","format":"standard","meta":{"footnotes":""},"categories":[24],"tags":[],"class_list":{"0":"post-16914","1":"post","2":"type-post","3":"status-publish","4":"format-standard","5":"has-post-thumbnail","7":"category-economia"},"aioseo_notices":[],"_links":{"self":[{"href":"https:\/\/lalupa24.com.ar\/index.php\/wp-json\/wp\/v2\/posts\/16914","targetHints":{"allow":["GET"]}}],"collection":[{"href":"https:\/\/lalupa24.com.ar\/index.php\/wp-json\/wp\/v2\/posts"}],"about":[{"href":"https:\/\/lalupa24.com.ar\/index.php\/wp-json\/wp\/v2\/types\/post"}],"author":[{"embeddable":true,"href":"https:\/\/lalupa24.com.ar\/index.php\/wp-json\/wp\/v2\/users\/2"}],"replies":[{"embeddable":true,"href":"https:\/\/lalupa24.com.ar\/index.php\/wp-json\/wp\/v2\/comments?post=16914"}],"version-history":[{"count":1,"href":"https:\/\/lalupa24.com.ar\/index.php\/wp-json\/wp\/v2\/posts\/16914\/revisions"}],"predecessor-version":[{"id":16915,"href":"https:\/\/lalupa24.com.ar\/index.php\/wp-json\/wp\/v2\/posts\/16914\/revisions\/16915"}],"wp:featuredmedia":[{"embeddable":true,"href":"https:\/\/lalupa24.com.ar\/index.php\/wp-json\/wp\/v2\/media\/16890"}],"wp:attachment":[{"href":"https:\/\/lalupa24.com.ar\/index.php\/wp-json\/wp\/v2\/media?parent=16914"}],"wp:term":[{"taxonomy":"category","embeddable":true,"href":"https:\/\/lalupa24.com.ar\/index.php\/wp-json\/wp\/v2\/categories?post=16914"},{"taxonomy":"post_tag","embeddable":true,"href":"https:\/\/lalupa24.com.ar\/index.php\/wp-json\/wp\/v2\/tags?post=16914"}],"curies":[{"name":"wp","href":"https:\/\/api.w.org\/{rel}","templated":true}]}}