{"id":16918,"date":"2026-02-18T10:31:29","date_gmt":"2026-02-18T13:31:29","guid":{"rendered":"https:\/\/lalupa24.com.ar\/?p=16918"},"modified":"2026-02-18T10:31:30","modified_gmt":"2026-02-18T13:31:30","slug":"rogelio-frigerio-inaugura-el-periodo-legislativo-en-entre-rios-con-un-discurso-de-apertura-hacia-la-casa-rosada","status":"publish","type":"post","link":"https:\/\/lalupa24.com.ar\/index.php\/2026\/02\/18\/rogelio-frigerio-inaugura-el-periodo-legislativo-en-entre-rios-con-un-discurso-de-apertura-hacia-la-casa-rosada\/","title":{"rendered":"ROGELIO FRIGERIO INAUGURA EL PER\u00cdODO LEGISLATIVO EN ENTRE R\u00cdOS CON UN DISCURSO DE APERTURA HACIA LA CASA ROSADA"},"content":{"rendered":"\n<p>El gobernador de Entre R\u00edos, Rogelio Frigerio, dar\u00e1 inicio a un nuevo per\u00edodo de sesiones ordinarias en la legislatura provincial, en un acto que se anticipa cargado de se\u00f1ales pol\u00edticas hacia el Gobierno Nacional. En un contexto de tensiones fiscales entre la Naci\u00f3n y las provincias, el mandatario entrerriano buscar\u00e1 equilibrar sus demandas regionales con una postura colaborativa hacia la Casa Rosada. Este discurso de apertura es visto por analistas pol\u00edticos como un term\u00f3metro de la relaci\u00f3n entre el federalismo y el poder central en la b\u00fasqueda de gobernabilidad y estabilidad econ\u00f3mica.<\/p>\n\n\n\n<p>Durante su alocuci\u00f3n, se espera que Frigerio haga un repaso detallado del estado de las cuentas p\u00fablicas provinciales, haciendo hincapi\u00e9 en la necesidad de reformas estructurales que promuevan la eficiencia del gasto. El gobernador ha manifestado en ocasiones anteriores su coincidencia con la necesidad de alcanzar el equilibrio fiscal, un punto de contacto clave con la agenda del Poder Ejecutivo Nacional. Sin embargo, tambi\u00e9n se prev\u00e9 que ratifique la defensa de los recursos que corresponden a Entre R\u00edos, especialmente en lo que respecta a fondos para obras p\u00fablicas y compensaciones por cajas previsionales.<\/p>\n\n\n\n<p>La estrategia de Frigerio se enmarca en una posici\u00f3n de &#8220;oposici\u00f3n constructiva&#8221; o aliados cr\u00edticos, caracter\u00edstica de los gobernadores que buscan garantizar el flujo de recursos para sus distritos sin romper puentes con la administraci\u00f3n central. Seg\u00fan fuentes cercanas a la gobernaci\u00f3n, el mensaje estar\u00e1 centrado en el &#8220;sentido com\u00fan&#8221; y en la superaci\u00f3n de la grieta pol\u00edtica para priorizar el desarrollo productivo de la provincia. Esta postura le permite diferenciarse de sectores m\u00e1s confrontativos, posicion\u00e1ndose como un interlocutor v\u00e1lido y moderado en el mapa pol\u00edtico nacional.<\/p>\n\n\n\n<p>En el plano legislativo interno, el mandatario delinear\u00e1 los proyectos prioritarios para el a\u00f1o, con un fuerte enfoque en la transparencia institucional y la modernizaci\u00f3n del Estado. Entre las iniciativas que se mencionan se encuentran reformas a la ley de ministerios y planes de incentivo para el sector agroindustrial, motor econ\u00f3mico de la regi\u00f3n. Frigerio buscar\u00e1 construir los consensos necesarios dentro de una legislatura donde la negociaci\u00f3n con diferentes bloques ser\u00e1 fundamental para aprobar leyes que requieren mayor\u00eda especial.<\/p>\n\n\n\n<p>El an\u00e1lisis pol\u00edtico sugiere que el gui\u00f1o hacia la Casa Rosada no es casual, sino una respuesta a la necesidad de coordinar pol\u00edticas de seguridad y educaci\u00f3n en un marco de recursos escasos. La relaci\u00f3n con el Ministerio del Interior y el de Econom\u00eda ser\u00e1 vital para el \u00e9xito de la gesti\u00f3n provincial en los pr\u00f3ximos meses. De acuerdo a polit\u00f3logos locales, Frigerio intenta blindar a Entre R\u00edos de la inestabilidad nacional mediante una gesti\u00f3n prolija que le permita reclamar con autoridad lo que considera justo para sus ciudadanos.<\/p>\n\n\n\n<p>El cierre de su discurso proyectar\u00e1 la visi\u00f3n de una provincia que aspira a ser protagonista en la recuperaci\u00f3n de Argentina. El impacto futuro de este posicionamiento depender\u00e1 de la capacidad de respuesta del Gobierno Nacional a las demandas provinciales y de la habilidad de Frigerio para mantener la cohesi\u00f3n interna en su coalici\u00f3n. Con la mirada puesta en el mediano plazo, el gobernador entrerriano inicia un a\u00f1o legislativo donde la gesti\u00f3n administrativa y la mu\u00f1eca pol\u00edtica ser\u00e1n puestas a prueba de manera constante.<\/p>\n","protected":false},"excerpt":{"rendered":"<p>El gobernador de Entre R\u00edos, Rogelio Frigerio, dar\u00e1 inicio a un nuevo per\u00edodo de sesiones ordinarias en la legislatura provincial, en un acto que se anticipa cargado de se\u00f1ales pol\u00edticas hacia el Gobierno Nacional. En un contexto de tensiones fiscales entre la Naci\u00f3n y las provincias, el mandatario entrerriano buscar\u00e1 equilibrar sus demandas regionales con [&hellip;]<\/p>\n","protected":false},"author":2,"featured_media":16888,"comment_status":"open","ping_status":"open","sticky":false,"template":"","format":"standard","meta":{"footnotes":""},"categories":[26],"tags":[],"class_list":{"0":"post-16918","1":"post","2":"type-post","3":"status-publish","4":"format-standard","5":"has-post-thumbnail","7":"category-nacionales"},"aioseo_notices":[],"_links":{"self":[{"href":"https:\/\/lalupa24.com.ar\/index.php\/wp-json\/wp\/v2\/posts\/16918","targetHints":{"allow":["GET"]}}],"collection":[{"href":"https:\/\/lalupa24.com.ar\/index.php\/wp-json\/wp\/v2\/posts"}],"about":[{"href":"https:\/\/lalupa24.com.ar\/index.php\/wp-json\/wp\/v2\/types\/post"}],"author":[{"embeddable":true,"href":"https:\/\/lalupa24.com.ar\/index.php\/wp-json\/wp\/v2\/users\/2"}],"replies":[{"embeddable":true,"href":"https:\/\/lalupa24.com.ar\/index.php\/wp-json\/wp\/v2\/comments?post=16918"}],"version-history":[{"count":1,"href":"https:\/\/lalupa24.com.ar\/index.php\/wp-json\/wp\/v2\/posts\/16918\/revisions"}],"predecessor-version":[{"id":16919,"href":"https:\/\/lalupa24.com.ar\/index.php\/wp-json\/wp\/v2\/posts\/16918\/revisions\/16919"}],"wp:featuredmedia":[{"embeddable":true,"href":"https:\/\/lalupa24.com.ar\/index.php\/wp-json\/wp\/v2\/media\/16888"}],"wp:attachment":[{"href":"https:\/\/lalupa24.com.ar\/index.php\/wp-json\/wp\/v2\/media?parent=16918"}],"wp:term":[{"taxonomy":"category","embeddable":true,"href":"https:\/\/lalupa24.com.ar\/index.php\/wp-json\/wp\/v2\/categories?post=16918"},{"taxonomy":"post_tag","embeddable":true,"href":"https:\/\/lalupa24.com.ar\/index.php\/wp-json\/wp\/v2\/tags?post=16918"}],"curies":[{"name":"wp","href":"https:\/\/api.w.org\/{rel}","templated":true}]}}