{"id":16932,"date":"2026-02-18T10:41:33","date_gmt":"2026-02-18T13:41:33","guid":{"rendered":"https:\/\/lalupa24.com.ar\/?p=16932"},"modified":"2026-02-18T10:41:34","modified_gmt":"2026-02-18T13:41:34","slug":"uruguay-lidera-la-ratificacion-del-acuerdo-mercosur-union-europea-en-una-carrera-estrategica-regional","status":"publish","type":"post","link":"https:\/\/lalupa24.com.ar\/index.php\/2026\/02\/18\/uruguay-lidera-la-ratificacion-del-acuerdo-mercosur-union-europea-en-una-carrera-estrategica-regional\/","title":{"rendered":"URUGUAY LIDERA LA RATIFICACI\u00d3N DEL ACUERDO MERCOSUR-UNI\u00d3N EUROPEA EN UNA CARRERA ESTRAT\u00c9GICA REGIONAL"},"content":{"rendered":"\n<p>El Parlamento de Uruguay ha iniciado un proceso legislativo acelerado que busca convertir al pa\u00eds en el primero del Mercosur en ratificar formalmente el acuerdo comercial con la Uni\u00f3n Europea (UE). Tras la firma pol\u00edtica del tratado en enero de 2026, el gobierno de Montevideo ha enviado el documento al Palacio Legislativo con el objetivo de dar una se\u00f1al de compromiso y apertura econ\u00f3mica en un momento de incertidumbre global. Esta decisi\u00f3n no solo tiene un trasfondo comercial, sino que representa un movimiento geopol\u00edtico clave para posicionar a Uruguay como un socio confiable y din\u00e1mico dentro del bloque regional.<\/p>\n\n\n\n<p>El canciller Mario Lubetkin, durante su reciente comparecencia ante la comisi\u00f3n bicameral, subray\u00f3 que este acuerdo constituye la asociaci\u00f3n comercial integral m\u00e1s grande del mundo y una oportunidad hist\u00f3rica para diversificar las exportaciones nacionales. Seg\u00fan datos del Ministerio de Econom\u00eda y Finanzas (MEF), la Uni\u00f3n Europea es el segundo mayor socio comercial de Uruguay y un inversor fundamental en sectores estrat\u00e9gicos como el agropecuario, el forestal y las energ\u00edas renovables. La ratificaci\u00f3n parlamentaria se percibe como el paso final para otorgar seguridad jur\u00eddica a las empresas que buscan expandir sus operaciones en el mercado europeo.<\/p>\n\n\n\n<p>A diferencia de procesos anteriores, esta vez existe un consenso mayoritario entre las principales fuerzas pol\u00edticas, incluyendo tanto al oficialismo como a sectores de la oposici\u00f3n, quienes coinciden en la relevancia de no quedar rezagados frente a sus vecinos. Argentina, bajo la administraci\u00f3n de Javier Milei, tambi\u00e9n ha avanzado con celeridad en su C\u00e1mara de Diputados, lo que ha generado una &#8220;competencia positiva&#8221; por ver qu\u00e9 naci\u00f3n completa primero el tr\u00e1mite de aprobaci\u00f3n. Para Uruguay, ser el pionero en la ratificaci\u00f3n refuerza su hist\u00f3rica postura de reclamar mayor flexibilidad y apertura externa dentro del funcionamiento del Mercosur.<\/p>\n\n\n\n<p>No obstante, el camino hacia la implementaci\u00f3n definitiva no est\u00e1 exento de obst\u00e1culos, especialmente desde el lado europeo. Mientras los parlamentos sudamericanos avanzan, en Europa persiste una fuerte resistencia de sectores agrarios, particularmente en Francia, y preocupaciones ambientales respecto a la deforestaci\u00f3n en la Amazon\u00eda. Sin embargo, el esquema actual del acuerdo separa el pilar comercial \u2014que solo requiere la aprobaci\u00f3n del Parlamento Europeo\u2014 del pilar de asociaci\u00f3n pol\u00edtica, lo que facilita una entrada en vigor provisional que beneficiar\u00eda directamente a los exportadores uruguayos de carne, l\u00e1cteos y software.<\/p>\n\n\n\n<p>Desde el sector productivo uruguayo, la expectativa es alta pero cautelosa. El acuerdo prev\u00e9 la eliminaci\u00f3n de aranceles para m\u00e1s del 90% de las l\u00edneas de comercio, lo que podr\u00eda generar ahorros de miles de millones de d\u00f3lares anuales para el bloque sudamericano. Analistas del sector agroexportador advierten que, si bien la apertura es beneficiosa, tambi\u00e9n exigir\u00e1 una modernizaci\u00f3n de los est\u00e1ndares de sostenibilidad para cumplir con las rigurosas normativas ambientales de la UE. Uruguay, con su matriz energ\u00e9tica mayoritariamente renovable, se encuentra en una posici\u00f3n de ventaja comparativa frente a otros socios para satisfacer estas demandas.<\/p>\n\n\n\n<p>El \u00e9xito de esta ratificaci\u00f3n r\u00e1pida en Montevideo podr\u00eda actuar como un catalizador para que Brasil y Paraguay sigan el mismo camino, consolidando un frente unido en Sudam\u00e9rica frente a las dudas europeas. Si Uruguay logra finalizar el proceso antes de que termine el primer trimestre de 2026, enviar\u00e1 un mensaje de estabilidad institucional que podr\u00eda atraer nuevas corrientes de inversi\u00f3n extranjera directa. En \u00faltima instancia, la ratificaci\u00f3n parlamentaria es el inicio de una nueva etapa de integraci\u00f3n que promete redefinir las relaciones transatl\u00e1nticas y el modelo de desarrollo productivo de la regi\u00f3n para la pr\u00f3xima d\u00e9cada.<\/p>\n","protected":false},"excerpt":{"rendered":"<p>El Parlamento de Uruguay ha iniciado un proceso legislativo acelerado que busca convertir al pa\u00eds en el primero del Mercosur en ratificar formalmente el acuerdo comercial con la Uni\u00f3n Europea (UE). Tras la firma pol\u00edtica del tratado en enero de 2026, el gobierno de Montevideo ha enviado el documento al Palacio Legislativo con el objetivo [&hellip;]<\/p>\n","protected":false},"author":2,"featured_media":16923,"comment_status":"open","ping_status":"open","sticky":false,"template":"","format":"standard","meta":{"footnotes":""},"categories":[25],"tags":[],"class_list":{"0":"post-16932","1":"post","2":"type-post","3":"status-publish","4":"format-standard","5":"has-post-thumbnail","7":"category-internacionales"},"aioseo_notices":[],"_links":{"self":[{"href":"https:\/\/lalupa24.com.ar\/index.php\/wp-json\/wp\/v2\/posts\/16932","targetHints":{"allow":["GET"]}}],"collection":[{"href":"https:\/\/lalupa24.com.ar\/index.php\/wp-json\/wp\/v2\/posts"}],"about":[{"href":"https:\/\/lalupa24.com.ar\/index.php\/wp-json\/wp\/v2\/types\/post"}],"author":[{"embeddable":true,"href":"https:\/\/lalupa24.com.ar\/index.php\/wp-json\/wp\/v2\/users\/2"}],"replies":[{"embeddable":true,"href":"https:\/\/lalupa24.com.ar\/index.php\/wp-json\/wp\/v2\/comments?post=16932"}],"version-history":[{"count":1,"href":"https:\/\/lalupa24.com.ar\/index.php\/wp-json\/wp\/v2\/posts\/16932\/revisions"}],"predecessor-version":[{"id":16934,"href":"https:\/\/lalupa24.com.ar\/index.php\/wp-json\/wp\/v2\/posts\/16932\/revisions\/16934"}],"wp:featuredmedia":[{"embeddable":true,"href":"https:\/\/lalupa24.com.ar\/index.php\/wp-json\/wp\/v2\/media\/16923"}],"wp:attachment":[{"href":"https:\/\/lalupa24.com.ar\/index.php\/wp-json\/wp\/v2\/media?parent=16932"}],"wp:term":[{"taxonomy":"category","embeddable":true,"href":"https:\/\/lalupa24.com.ar\/index.php\/wp-json\/wp\/v2\/categories?post=16932"},{"taxonomy":"post_tag","embeddable":true,"href":"https:\/\/lalupa24.com.ar\/index.php\/wp-json\/wp\/v2\/tags?post=16932"}],"curies":[{"name":"wp","href":"https:\/\/api.w.org\/{rel}","templated":true}]}}