{"id":16933,"date":"2026-02-18T10:44:07","date_gmt":"2026-02-18T13:44:07","guid":{"rendered":"https:\/\/lalupa24.com.ar\/?p=16933"},"modified":"2026-02-18T10:44:08","modified_gmt":"2026-02-18T13:44:08","slug":"el-23-de-febrero-regresan-los-docentes-a-sus-escuelas-y-las-clases-inician-el-2-de-marzo","status":"publish","type":"post","link":"https:\/\/lalupa24.com.ar\/index.php\/2026\/02\/18\/el-23-de-febrero-regresan-los-docentes-a-sus-escuelas-y-las-clases-inician-el-2-de-marzo\/","title":{"rendered":"El 23 de febrero regresan los docentes a sus escuelas y las clases inician el 2 de marzo"},"content":{"rendered":"\n<h4 class=\"wp-block-heading\"><\/h4>\n\n\n\n<p>Durante esa primera semana se desarrollar\u00e1n jornadas de organizaci\u00f3n institucional, hasta el 27, con una primera convocatoria a tutores y responsables parentales para los casos de los niveles Inicial y Primario, pensada para la construcci\u00f3n de los primeros acuerdos de convivencia institucional.<\/p>\n\n\n\n<p>En las escuelas secundarias, en tanto, se desarrollar\u00e1n instancias de recuperatorio de espacios curriculares adeudados desde el 25 de febrero hasta el 6 de marzo, seguida de mesas de ex\u00e1menes libres que se extender\u00e1n hasta el 11.&nbsp; Como cada a\u00f1o, el inicio del ciclo lectivo ser\u00e1 escalonado seg\u00fan el nivel: el 2 de marzo iniciar\u00e1 las clases el Nivel Primario; el 3 har\u00e1 lo propio el Nivel Inicial; el 12 ser\u00e1 el turno del Nivel Secundario; y el 6 de abril lo har\u00e1 el Nivel Superior.<\/p>\n\n\n\n<p>El receso de invierno est\u00e1 contemplado del 20 al 31 de julio, garantizando una organizaci\u00f3n equilibrada del a\u00f1o acad\u00e9mico en dos etapas, conforme a la normativa vigente y a los d\u00edas efectivos de clase establecidos a nivel federal. Respecto al cierre del a\u00f1o, la finalizaci\u00f3n del segundo cuatrimestre est\u00e1 prevista para el 30 de noviembre, mientras que el fin del ciclo lectivo para todos los niveles y modalidades ser\u00e1 el 18 de diciembre. Posteriormente, el per\u00edodo escolar concluir\u00e1 el 23 de diciembre, destinado a instancias de evaluaci\u00f3n, cierre administrativo y pedag\u00f3gico.<\/p>\n\n\n\n<p>El Ministerio de Educaci\u00f3n destaca que el Calendario Escolar constituye una herramienta fundamental para la planificaci\u00f3n institucional, promoviendo la participaci\u00f3n de la comunidad educativa y asegurando condiciones de equidad, inclusi\u00f3n y calidad educativa en todo el territorio provincial.<\/p>\n","protected":false},"excerpt":{"rendered":"<p>Durante esa primera semana se desarrollar\u00e1n jornadas de organizaci\u00f3n institucional, hasta el 27, con una primera convocatoria a tutores y responsables parentales para los casos de los niveles Inicial y Primario, pensada para la construcci\u00f3n de los primeros acuerdos de convivencia institucional. En las escuelas secundarias, en tanto, se desarrollar\u00e1n instancias de recuperatorio de espacios [&hellip;]<\/p>\n","protected":false},"author":2,"featured_media":16935,"comment_status":"open","ping_status":"open","sticky":false,"template":"","format":"standard","meta":{"footnotes":""},"categories":[28],"tags":[],"class_list":{"0":"post-16933","1":"post","2":"type-post","3":"status-publish","4":"format-standard","5":"has-post-thumbnail","7":"category-locales"},"aioseo_notices":[],"_links":{"self":[{"href":"https:\/\/lalupa24.com.ar\/index.php\/wp-json\/wp\/v2\/posts\/16933","targetHints":{"allow":["GET"]}}],"collection":[{"href":"https:\/\/lalupa24.com.ar\/index.php\/wp-json\/wp\/v2\/posts"}],"about":[{"href":"https:\/\/lalupa24.com.ar\/index.php\/wp-json\/wp\/v2\/types\/post"}],"author":[{"embeddable":true,"href":"https:\/\/lalupa24.com.ar\/index.php\/wp-json\/wp\/v2\/users\/2"}],"replies":[{"embeddable":true,"href":"https:\/\/lalupa24.com.ar\/index.php\/wp-json\/wp\/v2\/comments?post=16933"}],"version-history":[{"count":1,"href":"https:\/\/lalupa24.com.ar\/index.php\/wp-json\/wp\/v2\/posts\/16933\/revisions"}],"predecessor-version":[{"id":16936,"href":"https:\/\/lalupa24.com.ar\/index.php\/wp-json\/wp\/v2\/posts\/16933\/revisions\/16936"}],"wp:featuredmedia":[{"embeddable":true,"href":"https:\/\/lalupa24.com.ar\/index.php\/wp-json\/wp\/v2\/media\/16935"}],"wp:attachment":[{"href":"https:\/\/lalupa24.com.ar\/index.php\/wp-json\/wp\/v2\/media?parent=16933"}],"wp:term":[{"taxonomy":"category","embeddable":true,"href":"https:\/\/lalupa24.com.ar\/index.php\/wp-json\/wp\/v2\/categories?post=16933"},{"taxonomy":"post_tag","embeddable":true,"href":"https:\/\/lalupa24.com.ar\/index.php\/wp-json\/wp\/v2\/tags?post=16933"}],"curies":[{"name":"wp","href":"https:\/\/api.w.org\/{rel}","templated":true}]}}