{"id":16992,"date":"2026-02-18T13:01:29","date_gmt":"2026-02-18T16:01:29","guid":{"rendered":"https:\/\/lalupa24.com.ar\/?p=16992"},"modified":"2026-02-18T13:01:30","modified_gmt":"2026-02-18T16:01:30","slug":"balance-positivo-del-fin-de-semana-largo-82-de-ocupacion-hotelera-y-pico-gastronomico-en-san-valentin","status":"publish","type":"post","link":"https:\/\/lalupa24.com.ar\/index.php\/2026\/02\/18\/balance-positivo-del-fin-de-semana-largo-82-de-ocupacion-hotelera-y-pico-gastronomico-en-san-valentin\/","title":{"rendered":"Balance positivo del fin de semana largo, 82% de ocupaci\u00f3n hotelera y pico gastron\u00f3mico en san Valent\u00edn"},"content":{"rendered":"\n<h4 class=\"wp-block-heading\"><\/h4>\n\n\n\n<p>Con acciones promocionales desarrolladas del 13 al 15 de febrero, articuladas junto al sector privado, la gastronom\u00eda provincial alcanz\u00f3 un 100% de ocupaci\u00f3n ese d\u00eda, consolidando a la fecha como uno de los picos de mayor movimiento del mes.<br>El Instituto de Turismo del Chaco junto al Instituto de Cultura,&nbsp; informaron que el fin de semana largo de Carnaval, del 14 al 17 de febrero de 2026, dej\u00f3 un balance altamente positivo para la provincia en t\u00e9rminos tur\u00edsticos, culturales y econ\u00f3micos, en el marco de la Ruta de los Carnavales Chaque\u00f1os 2026, iniciativa que integr\u00f3 a m\u00e1s de 25 municipios del territorio provincial.<\/p>\n\n\n\n<p>Las celebraciones desarrolladas en las regiones Litoral, Centro e Impenetrable reafirmaron el valor de las fiestas populares como expresi\u00f3n de identidad cultural, fortaleciendo comparsas, expresiones art\u00edsticas y el encuentro comunitario en cada localidad participante.<\/p>\n\n\n\n<p>La presidente del Instituto de Turismo del Chaco, Ver\u00f3nica Mazzaroli, acompa\u00f1ada por su vicepresidente, Virginia Zacar\u00edas, destac\u00f3 que \u201cel Carnaval 2026 demuestra que cuando hay planificaci\u00f3n, articulaci\u00f3n territorial y una decisi\u00f3n pol\u00edtica clara, el turismo se convierte en una herramienta concreta de desarrollo. M\u00e1s de 25 municipios fueron protagonistas de una fiesta que no solo celebra nuestra identidad cultural, sino que tambi\u00e9n dinamiza las econom\u00edas regionales\u201d.<\/p>\n\n\n\n<p>Asimismo, remarc\u00f3 que San Valent\u00edn se consolida como una fecha estrat\u00e9gica dentro del calendario tur\u00edstico provincial. \u201cEl trabajo conjunto con el sector gastron\u00f3mico y hotelero permiti\u00f3 alcanzar niveles hist\u00f3ricos de ocupaci\u00f3n, fortaleciendo el turismo de escapada en toda la provincia\u201d, afirm\u00f3.<\/p>\n\n\n\n<p>En esa misma l\u00ednea, el presidente del Instituto de Cultura, Mario Zorrilla, subray\u00f3 que \u201cla promoci\u00f3n de productos tur\u00edsticos como la Ruta de los Carnavales se enmarca dentro de la pol\u00edtica impulsada por el gobernador Leandro Zdero, orientada a posicionar al turismo como actividad estrat\u00e9gica para el crecimiento provincial. El gobernador ha definido al turismo como pol\u00edtica de Estado. Nuestro desaf\u00edo es consolidar una agenda que integre cultura, territorio y desarrollo econ\u00f3mico sostenible en toda la provincia, acompa\u00f1ando fechas clave que potencian nuestras econom\u00edas regionales\u201d, concluy\u00f3.<\/p>\n\n\n\n<p>La Ruta de los Carnavales Chaque\u00f1os 2026 consolid\u00f3 al Chaco como destino cultural durante el feriado largo y reafirm\u00f3 la planificaci\u00f3n estrat\u00e9gica, la identidad cultural y la generaci\u00f3n de oportunidades en cada regi\u00f3n<\/p>\n","protected":false},"excerpt":{"rendered":"<p>Con acciones promocionales desarrolladas del 13 al 15 de febrero, articuladas junto al sector privado, la gastronom\u00eda provincial alcanz\u00f3 un 100% de ocupaci\u00f3n ese d\u00eda, consolidando a la fecha como uno de los picos de mayor movimiento del mes.El Instituto de Turismo del Chaco junto al Instituto de Cultura,&nbsp; informaron que el fin de semana [&hellip;]<\/p>\n","protected":false},"author":2,"featured_media":16993,"comment_status":"open","ping_status":"open","sticky":false,"template":"","format":"standard","meta":{"footnotes":""},"categories":[28],"tags":[],"class_list":{"0":"post-16992","1":"post","2":"type-post","3":"status-publish","4":"format-standard","5":"has-post-thumbnail","7":"category-locales"},"aioseo_notices":[],"_links":{"self":[{"href":"https:\/\/lalupa24.com.ar\/index.php\/wp-json\/wp\/v2\/posts\/16992","targetHints":{"allow":["GET"]}}],"collection":[{"href":"https:\/\/lalupa24.com.ar\/index.php\/wp-json\/wp\/v2\/posts"}],"about":[{"href":"https:\/\/lalupa24.com.ar\/index.php\/wp-json\/wp\/v2\/types\/post"}],"author":[{"embeddable":true,"href":"https:\/\/lalupa24.com.ar\/index.php\/wp-json\/wp\/v2\/users\/2"}],"replies":[{"embeddable":true,"href":"https:\/\/lalupa24.com.ar\/index.php\/wp-json\/wp\/v2\/comments?post=16992"}],"version-history":[{"count":1,"href":"https:\/\/lalupa24.com.ar\/index.php\/wp-json\/wp\/v2\/posts\/16992\/revisions"}],"predecessor-version":[{"id":16994,"href":"https:\/\/lalupa24.com.ar\/index.php\/wp-json\/wp\/v2\/posts\/16992\/revisions\/16994"}],"wp:featuredmedia":[{"embeddable":true,"href":"https:\/\/lalupa24.com.ar\/index.php\/wp-json\/wp\/v2\/media\/16993"}],"wp:attachment":[{"href":"https:\/\/lalupa24.com.ar\/index.php\/wp-json\/wp\/v2\/media?parent=16992"}],"wp:term":[{"taxonomy":"category","embeddable":true,"href":"https:\/\/lalupa24.com.ar\/index.php\/wp-json\/wp\/v2\/categories?post=16992"},{"taxonomy":"post_tag","embeddable":true,"href":"https:\/\/lalupa24.com.ar\/index.php\/wp-json\/wp\/v2\/tags?post=16992"}],"curies":[{"name":"wp","href":"https:\/\/api.w.org\/{rel}","templated":true}]}}