{"id":17017,"date":"2026-02-19T13:24:34","date_gmt":"2026-02-19T16:24:34","guid":{"rendered":"https:\/\/lalupa24.com.ar\/?p=17017"},"modified":"2026-02-19T13:24:35","modified_gmt":"2026-02-19T16:24:35","slug":"el-puerto-de-barranqueras-concreto-una-nueva-operatoria-de-importacion-desde-china","status":"publish","type":"post","link":"https:\/\/lalupa24.com.ar\/index.php\/2026\/02\/19\/el-puerto-de-barranqueras-concreto-una-nueva-operatoria-de-importacion-desde-china\/","title":{"rendered":"El puerto de barranqueras concret\u00f3 una nueva operatoria de importaci\u00f3n desde China"},"content":{"rendered":"\n<h4 class=\"wp-block-heading\"><\/h4>\n\n\n\n<p>El Puerto de Barranqueras llev\u00f3 adelante una nueva operatoria de importaci\u00f3n con mercader\u00eda proveniente de China, reafirmando su rol estrat\u00e9gico en el comercio exterior de la regi\u00f3n.<br>La administradora del Puerto de Barranqueras, Alicia Azula, destac\u00f3 la importancia de este tipo de movimientos para la actividad log\u00edstica y comercial de la provincia. \u201cEstas acciones fortalecen los lazos internacionales y consolidan al Puerto de Barranqueras como un nodo estrat\u00e9gico para el comercio exterior\u201d, expres\u00f3.<\/p>\n\n\n\n<p>Adem\u00e1s, destac\u00f3 el acompa\u00f1amiento del Gobierno provincial, la mirada especial que \u201ctenemos por parte del Gobernador Zdero en el impulso a iniciativas que promueven el crecimiento y el desarrollo productivo del Chaco, a partir de la consolidaci\u00f3n de nuevas operatorias que dinamizan la actividad portuaria y generan oportunidades para el sector empresarial local\u201d<\/p>\n","protected":false},"excerpt":{"rendered":"<p>El Puerto de Barranqueras llev\u00f3 adelante una nueva operatoria de importaci\u00f3n con mercader\u00eda proveniente de China, reafirmando su rol estrat\u00e9gico en el comercio exterior de la regi\u00f3n.La administradora del Puerto de Barranqueras, Alicia Azula, destac\u00f3 la importancia de este tipo de movimientos para la actividad log\u00edstica y comercial de la provincia. \u201cEstas acciones fortalecen los [&hellip;]<\/p>\n","protected":false},"author":2,"featured_media":17018,"comment_status":"open","ping_status":"open","sticky":false,"template":"","format":"standard","meta":{"footnotes":""},"categories":[28],"tags":[],"class_list":{"0":"post-17017","1":"post","2":"type-post","3":"status-publish","4":"format-standard","5":"has-post-thumbnail","7":"category-locales"},"aioseo_notices":[],"_links":{"self":[{"href":"https:\/\/lalupa24.com.ar\/index.php\/wp-json\/wp\/v2\/posts\/17017","targetHints":{"allow":["GET"]}}],"collection":[{"href":"https:\/\/lalupa24.com.ar\/index.php\/wp-json\/wp\/v2\/posts"}],"about":[{"href":"https:\/\/lalupa24.com.ar\/index.php\/wp-json\/wp\/v2\/types\/post"}],"author":[{"embeddable":true,"href":"https:\/\/lalupa24.com.ar\/index.php\/wp-json\/wp\/v2\/users\/2"}],"replies":[{"embeddable":true,"href":"https:\/\/lalupa24.com.ar\/index.php\/wp-json\/wp\/v2\/comments?post=17017"}],"version-history":[{"count":1,"href":"https:\/\/lalupa24.com.ar\/index.php\/wp-json\/wp\/v2\/posts\/17017\/revisions"}],"predecessor-version":[{"id":17019,"href":"https:\/\/lalupa24.com.ar\/index.php\/wp-json\/wp\/v2\/posts\/17017\/revisions\/17019"}],"wp:featuredmedia":[{"embeddable":true,"href":"https:\/\/lalupa24.com.ar\/index.php\/wp-json\/wp\/v2\/media\/17018"}],"wp:attachment":[{"href":"https:\/\/lalupa24.com.ar\/index.php\/wp-json\/wp\/v2\/media?parent=17017"}],"wp:term":[{"taxonomy":"category","embeddable":true,"href":"https:\/\/lalupa24.com.ar\/index.php\/wp-json\/wp\/v2\/categories?post=17017"},{"taxonomy":"post_tag","embeddable":true,"href":"https:\/\/lalupa24.com.ar\/index.php\/wp-json\/wp\/v2\/tags?post=17017"}],"curies":[{"name":"wp","href":"https:\/\/api.w.org\/{rel}","templated":true}]}}