{"id":17055,"date":"2026-02-23T13:01:08","date_gmt":"2026-02-23T16:01:08","guid":{"rendered":"https:\/\/lalupa24.com.ar\/?p=17055"},"modified":"2026-02-23T13:01:09","modified_gmt":"2026-02-23T16:01:09","slug":"el-parlamento-europeo-frena-el-pacto-comercial-con-estados-unidos-ante-la-escalada-arancelaria-de-trump","status":"publish","type":"post","link":"https:\/\/lalupa24.com.ar\/index.php\/2026\/02\/23\/el-parlamento-europeo-frena-el-pacto-comercial-con-estados-unidos-ante-la-escalada-arancelaria-de-trump\/","title":{"rendered":"EL PARLAMENTO EUROPEO FRENA EL PACTO COMERCIAL CON ESTADOS UNIDOS ANTE LA ESCALADA ARANCELARIA DE TRUMP"},"content":{"rendered":"\n<p>El Parlamento Europeo ha decidido paralizar formalmente la ratificaci\u00f3n del acuerdo comercial con Estados Unidos, en una respuesta contundente a la pol\u00edtica proteccionista reinstaurada por la administraci\u00f3n de Donald Trump. La decisi\u00f3n de congelar las negociaciones surge tras el anuncio de una nueva subida de aranceles sobre productos clave de exportaci\u00f3n europea, como el acero, el aluminio y los autom\u00f3viles. Esta medida legislativa representa una declaraci\u00f3n de soberan\u00eda econ\u00f3mica por parte de Bruselas, subrayando que la Uni\u00f3n Europea no negociar\u00e1 bajo condiciones de presi\u00f3n externa unilateral.<\/p>\n\n\n\n<p>La suspensi\u00f3n del pacto comercial ha sido respaldada por los principales bloques pol\u00edticos de la Euroc\u00e1mara, quienes argumentan que la actitud de Washington rompe los principios b\u00e1sicos de la Organizaci\u00f3n Mundial del Comercio (OMC). Seg\u00fan un informe preliminar de la Comisi\u00f3n de Comercio Internacional, permitir el avance del acuerdo en este contexto dejar\u00eda a las industrias europeas en una situaci\u00f3n de desventaja competitiva insostenible. Los eurodiputados insisten en que cualquier tratado de libre comercio debe fundamentarse en la reciprocidad y el respeto mutuo a las normas de mercado.<\/p>\n\n\n\n<p>Desde el punto de vista econ\u00f3mico, la paralizaci\u00f3n del tratado amenaza con enfriar las relaciones transatl\u00e1nticas en un momento de gran volatilidad global. Expertos del sector industrial advierten que esta guerra comercial en ciernes podr\u00eda elevar los costes de producci\u00f3n en ambos lados del Atl\u00e1ntico, afectando directamente los precios al consumidor final. Sin embargo, para la Uni\u00f3n Europea, el costo pol\u00edtico de ceder ante las exigencias de Trump se considera mayor que el impacto econ\u00f3mico inmediato de la falta de un acuerdo.<\/p>\n\n\n\n<p>La respuesta de Washington no se ha hecho esperar, con declaraciones que califican la medida europea como un obst\u00e1culo para el crecimiento econ\u00f3mico de Occidente. No obstante, los analistas internacionales coinciden en que la estrategia de Donald Trump busca forzar una renegociaci\u00f3n de los t\u00e9rminos comerciales para reducir el d\u00e9ficit comercial de Estados Unidos con Europa. Por su parte, Bruselas ha comenzado a fortalecer sus v\u00ednculos comerciales con otros mercados estrat\u00e9gicos, como el bloque del Indo-Pac\u00edfico, como una forma de diversificar sus riesgos y reducir la dependencia de la econom\u00eda estadounidense.<\/p>\n\n\n\n<p>Implicaciones pol\u00edticas de gran calado se vislumbran en el horizonte, ya que esta ruptura comercial podr\u00eda afectar la cooperaci\u00f3n en otras \u00e1reas cr\u00edticas, como la seguridad y la defensa dentro de la OTAN. La cohesi\u00f3n del bloque europeo ser\u00e1 puesta a prueba, pues pa\u00edses con fuertes lazos exportadores hacia EE. UU., como Alemania, podr\u00edan sufrir consecuencias m\u00e1s severas que otros socios comunitarios. La Comisi\u00f3n Europea ha reiterado que mantiene abierta la puerta al di\u00e1logo, pero siempre que se retiren las medidas coercitivas que actualmente gravan las exportaciones del continente.<\/p>\n\n\n\n<p>El desenlace de este conflicto comercial marcar\u00e1 el tono de las relaciones internacionales en los pr\u00f3ximos a\u00f1os. El Parlamento Europeo ha dejado claro que la estabilidad del sistema multilateral de comercio es una l\u00ednea roja que no est\u00e1 dispuesto a cruzar. A medida que las tensiones se intensifican, la posibilidad de una resoluci\u00f3n negociada parece alejarse, proyectando un escenario de incertidumbre donde la econom\u00eda global podr\u00eda fragmentarse en bloques comerciales cada vez m\u00e1s cerrados y defensivos.<\/p>\n","protected":false},"excerpt":{"rendered":"<p>El Parlamento Europeo ha decidido paralizar formalmente la ratificaci\u00f3n del acuerdo comercial con Estados Unidos, en una respuesta contundente a la pol\u00edtica proteccionista reinstaurada por la administraci\u00f3n de Donald Trump. La decisi\u00f3n de congelar las negociaciones surge tras el anuncio de una nueva subida de aranceles sobre productos clave de exportaci\u00f3n europea, como el acero, [&hellip;]<\/p>\n","protected":false},"author":2,"featured_media":17040,"comment_status":"open","ping_status":"open","sticky":false,"template":"","format":"standard","meta":{"footnotes":""},"categories":[25],"tags":[],"class_list":{"0":"post-17055","1":"post","2":"type-post","3":"status-publish","4":"format-standard","5":"has-post-thumbnail","7":"category-internacionales"},"aioseo_notices":[],"_links":{"self":[{"href":"https:\/\/lalupa24.com.ar\/index.php\/wp-json\/wp\/v2\/posts\/17055","targetHints":{"allow":["GET"]}}],"collection":[{"href":"https:\/\/lalupa24.com.ar\/index.php\/wp-json\/wp\/v2\/posts"}],"about":[{"href":"https:\/\/lalupa24.com.ar\/index.php\/wp-json\/wp\/v2\/types\/post"}],"author":[{"embeddable":true,"href":"https:\/\/lalupa24.com.ar\/index.php\/wp-json\/wp\/v2\/users\/2"}],"replies":[{"embeddable":true,"href":"https:\/\/lalupa24.com.ar\/index.php\/wp-json\/wp\/v2\/comments?post=17055"}],"version-history":[{"count":1,"href":"https:\/\/lalupa24.com.ar\/index.php\/wp-json\/wp\/v2\/posts\/17055\/revisions"}],"predecessor-version":[{"id":17056,"href":"https:\/\/lalupa24.com.ar\/index.php\/wp-json\/wp\/v2\/posts\/17055\/revisions\/17056"}],"wp:featuredmedia":[{"embeddable":true,"href":"https:\/\/lalupa24.com.ar\/index.php\/wp-json\/wp\/v2\/media\/17040"}],"wp:attachment":[{"href":"https:\/\/lalupa24.com.ar\/index.php\/wp-json\/wp\/v2\/media?parent=17055"}],"wp:term":[{"taxonomy":"category","embeddable":true,"href":"https:\/\/lalupa24.com.ar\/index.php\/wp-json\/wp\/v2\/categories?post=17055"},{"taxonomy":"post_tag","embeddable":true,"href":"https:\/\/lalupa24.com.ar\/index.php\/wp-json\/wp\/v2\/tags?post=17055"}],"curies":[{"name":"wp","href":"https:\/\/api.w.org\/{rel}","templated":true}]}}