{"id":17063,"date":"2026-02-23T13:05:22","date_gmt":"2026-02-23T16:05:22","guid":{"rendered":"https:\/\/lalupa24.com.ar\/?p=17063"},"modified":"2026-02-23T13:05:23","modified_gmt":"2026-02-23T16:05:23","slug":"reforma-laboral-claves-y-alcances-de-los-cambios-aprobados-por-la-camara-de-diputados","status":"publish","type":"post","link":"https:\/\/lalupa24.com.ar\/index.php\/2026\/02\/23\/reforma-laboral-claves-y-alcances-de-los-cambios-aprobados-por-la-camara-de-diputados\/","title":{"rendered":"REFORMA LABORAL: CLAVES Y ALCANCES DE LOS CAMBIOS APROBADOS POR LA C\u00c1MARA DE DIPUTADOS"},"content":{"rendered":"\n<p>La C\u00e1mara de Diputados de la Naci\u00f3n ha otorgado media sanci\u00f3n a un paquete de reformas laborales que busca transformar estructuralmente el mercado de trabajo en Argentina. Este avance legislativo representa uno de los pilares del programa de reformas impulsado por el Poder Ejecutivo, con el objetivo declarado de reducir la litigiosidad y fomentar la creaci\u00f3n de empleo registrado. La aprobaci\u00f3n se produce en un contexto de intenso debate pol\u00edtico y social, donde las posturas entre el oficialismo, la oposici\u00f3n dialoguista y los sectores sindicales han marcado la agenda p\u00fablica de las \u00faltimas semanas.<\/p>\n\n\n\n<p>Entre las modificaciones m\u00e1s trascendentales se encuentra la extensi\u00f3n del per\u00edodo de prueba para los nuevos trabajadores, que podr\u00eda ampliarse significativamente dependiendo del tama\u00f1o de la empresa. Seg\u00fan el an\u00e1lisis de juristas especializados en derecho laboral, esta medida busca dar mayor previsibilidad a las Peque\u00f1as y Medianas Empresas (PyMEs), reduciendo el riesgo de contrataci\u00f3n inicial. No obstante, desde sectores gremiales advierten que esta flexibilidad podr\u00eda precarizar la estabilidad laboral de quienes ingresan al mercado por primera vez.<\/p>\n\n\n\n<p>Otro punto neur\u00e1lgico de la reforma es la creaci\u00f3n de un fondo de cese laboral optativo, inspirado en el modelo de la industria de la construcci\u00f3n, que reemplazar\u00eda el sistema tradicional de indemnizaciones. De acuerdo con el texto aprobado, este mecanismo deber\u00e1 ser acordado mediante convenios colectivos de trabajo, permitiendo que empleadores y empleados pacten un sistema de ahorro previo para cubrir las contingencias del despido. Este cambio apunta directamente a eliminar la incertidumbre financiera que enfrentan las empresas al momento de desvincular personal, un reclamo hist\u00f3rico del sector privado.<\/p>\n\n\n\n<p>Asimismo, la ley contempla la eliminaci\u00f3n de diversas multas por empleo no registrado o deficientemente registrado, una medida que ha generado controversia. Mientras que el Gobierno argumenta que estas sanciones alimentan la &#8220;industria del juicio&#8221; y no benefician al trabajador, expertos en seguridad social se\u00f1alan que la quita de multas debe ir acompa\u00f1ada de mecanismos de control m\u00e1s eficientes para evitar un aumento de la informalidad. El debate t\u00e9cnico se centra en si el incentivo a la regularizaci\u00f3n ser\u00e1 suficiente para compensar la eliminaci\u00f3n del car\u00e1cter punitivo de la norma anterior.<\/p>\n\n\n\n<p>La reforma tambi\u00e9n introduce cambios en la figura del &#8220;trabajador independiente con colaboradores&#8221;, permitiendo que peque\u00f1os emprendedores puedan contratar hasta un n\u00famero limitado de personas bajo un r\u00e9gimen simplificado. Seg\u00fan informes del Ministerio de Capital Humano, esta figura busca dotar de un marco legal a microemprendimientos que hoy operan en la informalidad absoluta. Este punto ha sido se\u00f1alado como una herramienta clave para dinamizar las econom\u00edas regionales y los servicios de baja escala, aunque su implementaci\u00f3n requerir\u00e1 una reglamentaci\u00f3n detallada para evitar abusos de la figura laboral.<\/p>\n\n\n\n<p>Tras la aprobaci\u00f3n en Diputados, el proyecto se encamina al Senado, donde se espera una discusi\u00f3n a\u00fan m\u00e1s re\u00f1ida. El impacto futuro de esta ley depender\u00e1 de su capacidad para generar confianza en el sector empresarial sin erosionar los derechos fundamentales de los trabajadores. El \u00e9xito de la reforma se medir\u00e1, en \u00faltima instancia, por las estad\u00edsticas de empleo de los pr\u00f3ximos a\u00f1os y por la reducci\u00f3n de la informalidad, en un mercado laboral que arrastra d\u00e9cadas de estancamiento y rigideces estructurales.<\/p>\n","protected":false},"excerpt":{"rendered":"<p>La C\u00e1mara de Diputados de la Naci\u00f3n ha otorgado media sanci\u00f3n a un paquete de reformas laborales que busca transformar estructuralmente el mercado de trabajo en Argentina. Este avance legislativo representa uno de los pilares del programa de reformas impulsado por el Poder Ejecutivo, con el objetivo declarado de reducir la litigiosidad y fomentar la [&hellip;]<\/p>\n","protected":false},"author":2,"featured_media":17060,"comment_status":"open","ping_status":"open","sticky":false,"template":"","format":"standard","meta":{"footnotes":""},"categories":[24],"tags":[],"class_list":{"0":"post-17063","1":"post","2":"type-post","3":"status-publish","4":"format-standard","5":"has-post-thumbnail","7":"category-economia"},"aioseo_notices":[],"_links":{"self":[{"href":"https:\/\/lalupa24.com.ar\/index.php\/wp-json\/wp\/v2\/posts\/17063","targetHints":{"allow":["GET"]}}],"collection":[{"href":"https:\/\/lalupa24.com.ar\/index.php\/wp-json\/wp\/v2\/posts"}],"about":[{"href":"https:\/\/lalupa24.com.ar\/index.php\/wp-json\/wp\/v2\/types\/post"}],"author":[{"embeddable":true,"href":"https:\/\/lalupa24.com.ar\/index.php\/wp-json\/wp\/v2\/users\/2"}],"replies":[{"embeddable":true,"href":"https:\/\/lalupa24.com.ar\/index.php\/wp-json\/wp\/v2\/comments?post=17063"}],"version-history":[{"count":1,"href":"https:\/\/lalupa24.com.ar\/index.php\/wp-json\/wp\/v2\/posts\/17063\/revisions"}],"predecessor-version":[{"id":17064,"href":"https:\/\/lalupa24.com.ar\/index.php\/wp-json\/wp\/v2\/posts\/17063\/revisions\/17064"}],"wp:featuredmedia":[{"embeddable":true,"href":"https:\/\/lalupa24.com.ar\/index.php\/wp-json\/wp\/v2\/media\/17060"}],"wp:attachment":[{"href":"https:\/\/lalupa24.com.ar\/index.php\/wp-json\/wp\/v2\/media?parent=17063"}],"wp:term":[{"taxonomy":"category","embeddable":true,"href":"https:\/\/lalupa24.com.ar\/index.php\/wp-json\/wp\/v2\/categories?post=17063"},{"taxonomy":"post_tag","embeddable":true,"href":"https:\/\/lalupa24.com.ar\/index.php\/wp-json\/wp\/v2\/tags?post=17063"}],"curies":[{"name":"wp","href":"https:\/\/api.w.org\/{rel}","templated":true}]}}