{"id":17078,"date":"2026-02-23T13:10:16","date_gmt":"2026-02-23T16:10:16","guid":{"rendered":"https:\/\/lalupa24.com.ar\/?p=17078"},"modified":"2026-02-23T13:10:17","modified_gmt":"2026-02-23T16:10:17","slug":"la-uefa-suspende-a-gianluca-prestianni-por-conducta-discriminatoria-baja-sensible-ante-el-real-madrid","status":"publish","type":"post","link":"https:\/\/lalupa24.com.ar\/index.php\/2026\/02\/23\/la-uefa-suspende-a-gianluca-prestianni-por-conducta-discriminatoria-baja-sensible-ante-el-real-madrid\/","title":{"rendered":"LA UEFA SUSPENDE A GIANLUCA PRESTIANNI POR CONDUCTA DISCRIMINATORIA: BAJA SENSIBLE ANTE EL REAL MADRID"},"content":{"rendered":"\n<p>En una decisi\u00f3n que ha sacudido los cimientos de la alta competici\u00f3n europea, la UEFA ha anunciado la suspensi\u00f3n provisional de Gianluca Prestianni tras confirmarse un comportamiento discriminatorio durante el \u00faltimo compromiso internacional. La sanci\u00f3n, de efecto inmediato, impide al joven talento participar en el crucial partido de vuelta contra el Real Madrid, debilitando significativamente el esquema ofensivo de su equipo. Este fallo administrativo subraya la pol\u00edtica de &#8220;tolerancia cero&#8221; que el organismo rector del f\u00fatbol europeo ha intensificado en su lucha contra cualquier forma de racismo o exclusi\u00f3n en los campos de juego.<\/p>\n\n\n\n<p>El incidente, que fue reportado tanto por el equipo arbitral como por observadores oficiales de la UEFA, ocurri\u00f3 en un tramo de alta fricci\u00f3n del encuentro de ida. Aunque los detalles espec\u00edficos de las expresiones utilizadas se mantienen bajo reserva por el proceso de apelaci\u00f3n, el comit\u00e9 de \u00e9tica fue contundente al calificar la conducta como violatoria del art\u00edculo 14 del c\u00f3digo disciplinario. Esta suspensi\u00f3n no solo afecta el presente deportivo del jugador, sino que impone una mancha reputacional en una de las promesas con mayor proyecci\u00f3n en el mercado de pases actual.<\/p>\n\n\n\n<p>Desde el entorno del club afectado, la noticia fue recibida con una mezcla de sorpresa y decepci\u00f3n. En un comunicado breve, la instituci\u00f3n manifest\u00f3 que llevar\u00e1 a cabo una investigaci\u00f3n interna para esclarecer los hechos, aunque acatar\u00e1n la resoluci\u00f3n provisional de la UEFA para el pr\u00f3ximo compromiso en el Santiago Bernab\u00e9u. La ausencia de Prestianni obliga al cuerpo t\u00e9cnico a reconfigurar la estrategia de ataque, perdiendo la explosividad y el desequilibrio individual que el argentino aporta en el \u00faltimo tercio del campo, elementos vitales para intentar una remontada frente al conjunto &#8220;Merengue&#8221;.<\/p>\n\n\n\n<p>Analistas deportivos internacionales sugieren que esta sanci\u00f3n ejemplificadora busca enviar un mensaje claro a los clubes y jugadores sobre la responsabilidad social que conlleva la exposici\u00f3n p\u00fablica. El Real Madrid, por su parte, se mantiene al margen de la pol\u00e9mica, enfoc\u00e1ndose estrictamente en lo deportivo, aunque es innegable que la baja de un titular indiscutible en la ofensiva rival facilita la planificaci\u00f3n defensiva de Carlo Ancelotti. La presi\u00f3n ahora recae sobre los sustitutos, quienes deber\u00e1n llenar un vac\u00edo t\u00e9cnico y emocional en un escenario de m\u00e1xima exigencia.<\/p>\n\n\n\n<p>La repercusi\u00f3n econ\u00f3mica de esta suspensi\u00f3n tambi\u00e9n es un factor a considerar. La valorizaci\u00f3n de mercado de Prestianni podr\u00eda verse afectada si la suspensi\u00f3n provisional se convierte en una sanci\u00f3n de largo aliento, impactando futuras negociaciones de traspaso. Adem\u00e1s, el club enfrenta posibles multas econ\u00f3micas y restricciones de aforo si se determina que hubo una falla sist\u00e9mica en el control del comportamiento de sus integrantes. Este caso reabre el debate sobre la educaci\u00f3n y la contenci\u00f3n psicol\u00f3gica que los clubes brindan a sus jugadores j\u00f3venes frente a situaciones de estr\u00e9s competitivo.<\/p>\n\n\n\n<p>El desenlace de esta situaci\u00f3n depender\u00e1 de las pruebas de descargo que presente la defensa del jugador en las pr\u00f3ximas semanas. Sin embargo, para la revancha contra el Real Madrid, la decisi\u00f3n es firme: Prestianni ver\u00e1 el partido desde las gradas. Este episodio queda como un recordatorio severo de que, en el f\u00fatbol moderno, el talento t\u00e9cnico no es suficiente para sostener una carrera; la conducta \u00e9tica y el respeto por los valores del deporte son, hoy m\u00e1s que nunca, requisitos innegociables para permanecer en la \u00e9lite.<\/p>\n","protected":false},"excerpt":{"rendered":"<p>En una decisi\u00f3n que ha sacudido los cimientos de la alta competici\u00f3n europea, la UEFA ha anunciado la suspensi\u00f3n provisional de Gianluca Prestianni tras confirmarse un comportamiento discriminatorio durante el \u00faltimo compromiso internacional. La sanci\u00f3n, de efecto inmediato, impide al joven talento participar en el crucial partido de vuelta contra el Real Madrid, debilitando significativamente [&hellip;]<\/p>\n","protected":false},"author":2,"featured_media":17073,"comment_status":"open","ping_status":"open","sticky":false,"template":"","format":"standard","meta":{"footnotes":""},"categories":[100],"tags":[],"class_list":{"0":"post-17078","1":"post","2":"type-post","3":"status-publish","4":"format-standard","5":"has-post-thumbnail","7":"category-deportes"},"aioseo_notices":[],"_links":{"self":[{"href":"https:\/\/lalupa24.com.ar\/index.php\/wp-json\/wp\/v2\/posts\/17078","targetHints":{"allow":["GET"]}}],"collection":[{"href":"https:\/\/lalupa24.com.ar\/index.php\/wp-json\/wp\/v2\/posts"}],"about":[{"href":"https:\/\/lalupa24.com.ar\/index.php\/wp-json\/wp\/v2\/types\/post"}],"author":[{"embeddable":true,"href":"https:\/\/lalupa24.com.ar\/index.php\/wp-json\/wp\/v2\/users\/2"}],"replies":[{"embeddable":true,"href":"https:\/\/lalupa24.com.ar\/index.php\/wp-json\/wp\/v2\/comments?post=17078"}],"version-history":[{"count":1,"href":"https:\/\/lalupa24.com.ar\/index.php\/wp-json\/wp\/v2\/posts\/17078\/revisions"}],"predecessor-version":[{"id":17079,"href":"https:\/\/lalupa24.com.ar\/index.php\/wp-json\/wp\/v2\/posts\/17078\/revisions\/17079"}],"wp:featuredmedia":[{"embeddable":true,"href":"https:\/\/lalupa24.com.ar\/index.php\/wp-json\/wp\/v2\/media\/17073"}],"wp:attachment":[{"href":"https:\/\/lalupa24.com.ar\/index.php\/wp-json\/wp\/v2\/media?parent=17078"}],"wp:term":[{"taxonomy":"category","embeddable":true,"href":"https:\/\/lalupa24.com.ar\/index.php\/wp-json\/wp\/v2\/categories?post=17078"},{"taxonomy":"post_tag","embeddable":true,"href":"https:\/\/lalupa24.com.ar\/index.php\/wp-json\/wp\/v2\/tags?post=17078"}],"curies":[{"name":"wp","href":"https:\/\/api.w.org\/{rel}","templated":true}]}}