{"id":17084,"date":"2026-02-23T13:20:12","date_gmt":"2026-02-23T16:20:12","guid":{"rendered":"https:\/\/lalupa24.com.ar\/?p=17084"},"modified":"2026-02-23T13:20:13","modified_gmt":"2026-02-23T16:20:13","slug":"recomposicion-en-el-senado-tres-deserciones-peronistas-acercan-al-oficialismo-a-los-dos-tercios","status":"publish","type":"post","link":"https:\/\/lalupa24.com.ar\/index.php\/2026\/02\/23\/recomposicion-en-el-senado-tres-deserciones-peronistas-acercan-al-oficialismo-a-los-dos-tercios\/","title":{"rendered":"RECOMPOSICI\u00d3N EN EL SENADO: TRES DESERCIONES PERONISTAS ACERCAN AL OFICIALISMO A LOS DOS TERCIOS"},"content":{"rendered":"\n<p>El escenario legislativo en la C\u00e1mara de Senadores de la Naci\u00f3n ha sufrido un giro dr\u00e1stico este lunes tras confirmarse la salida de tres legisladores del bloque de Uni\u00f3n por la Patria. Esta fractura en la principal fuerza de oposici\u00f3n no solo debilita el poder de fuego del peronismo, sino que coloca a La Libertad Avanza, mediante una aceitada pol\u00edtica de alianzas, en una posici\u00f3n de proximidad in\u00e9dita hacia la mayor\u00eda calificada de dos tercios. La noticia ha generado un sismo pol\u00edtico, ya que esta proporci\u00f3n es la llave necesaria para designaciones clave, como jueces de la Corte Suprema y reformas estructurales de car\u00e1cter constitucional.<\/p>\n\n\n\n<p>La decisi\u00f3n de los senadores de apartarse de la bancada opositora responde, seg\u00fan fuentes parlamentarias, a una creciente tensi\u00f3n entre los gobernadores provinciales y la conducci\u00f3n central del bloque. Los mandatarios provinciales, urgidos por la necesidad de destrabar partidas presupuestarias y avanzar en obras p\u00fablicas en sus distritos, habr\u00edan impulsado esta autonom\u00eda legislativa para establecer un canal de di\u00e1logo m\u00e1s fluido con la Casa Rosada. Este movimiento deja en evidencia la fragmentaci\u00f3n interna de un peronismo que no logra cohesionar una estrategia \u00fanica frente a las iniciativas del Poder Ejecutivo.<\/p>\n\n\n\n<p>Desde el entorno oficialista, la noticia fue recibida con un optimismo estrat\u00e9gico. Con estos tres nuevos &#8220;aliados t\u00e1cticos&#8221;, el bloque de La Libertad Avanza y sus socios habituales del PRO y sectores del radicalismo dialoguista, quedan a escasos votos de alcanzar los 48 senadores necesarios para los dos tercios. Expertos en derecho constitucional se\u00f1alan que este n\u00famero es cr\u00edtico, pues permitir\u00eda al Gobierno avanzar con el pliego de candidatos para el m\u00e1ximo tribunal de justicia y otras instituciones de control que requieren consensos extraordinarios.<\/p>\n\n\n\n<p>El impacto econ\u00f3mico de este reordenamiento tambi\u00e9n es analizado por consultoras pol\u00edticas, que ven en esta nueva configuraci\u00f3n una se\u00f1al de &#8220;gobernabilidad fortalecida&#8221;. La capacidad del oficialismo para fracturar al bloque mayoritario de la oposici\u00f3n sugiere que las pr\u00f3ximas leyes de reforma econ\u00f3mica podr\u00edan encontrar un camino menos sinuoso en la C\u00e1mara Alta. No obstante, los senadores salientes han aclarado que su postura ser\u00e1 &#8220;colaborativa pero cr\u00edtica&#8221;, evitando dar un cheque en blanco a todas las iniciativas gubernamentales.<\/p>\n\n\n\n<p>Por su parte, la conducci\u00f3n de Uni\u00f3n por la Patria ha calificado la maniobra como una claudicaci\u00f3n ante las presiones fiscales del Ejecutivo. En un comunicado informal, referentes del bloque lamentaron la p\u00e9rdida de cohesi\u00f3n en un momento que consideran &#8220;bisagra&#8221; para los derechos sociales y la soberan\u00eda econ\u00f3mica. La p\u00e9rdida de estos tres esca\u00f1os obliga al peronismo a reconfigurar sus alianzas internas y a buscar puntos de contacto con bloques federales menores para no quedar totalmente marginados de las decisiones de peso en el recinto.<\/p>\n\n\n\n<p>Hacia adelante, el foco estar\u00e1 puesto en la pr\u00f3xima sesi\u00f3n ordinaria, donde se pondr\u00e1 a prueba la solidez de este nuevo esquema de mayor\u00edas. Si el Gobierno logra consolidar este bloque de aliados, el equilibrio de poderes en Argentina entrar\u00e1 en una nueva fase, donde el Ejecutivo gozar\u00e1 de un margen de maniobra legislativa que pocos pronosticaban al inicio de su mandato. La evoluci\u00f3n de este v\u00ednculo entre los senadores &#8220;d\u00edscolos&#8221; y la Casa Rosada definir\u00e1 la velocidad y la profundidad de las reformas que el pa\u00eds enfrentar\u00e1 en el corto plazo.<\/p>\n","protected":false},"excerpt":{"rendered":"<p>El escenario legislativo en la C\u00e1mara de Senadores de la Naci\u00f3n ha sufrido un giro dr\u00e1stico este lunes tras confirmarse la salida de tres legisladores del bloque de Uni\u00f3n por la Patria. Esta fractura en la principal fuerza de oposici\u00f3n no solo debilita el poder de fuego del peronismo, sino que coloca a La Libertad [&hellip;]<\/p>\n","protected":false},"author":2,"featured_media":17093,"comment_status":"open","ping_status":"open","sticky":false,"template":"","format":"standard","meta":{"footnotes":""},"categories":[26],"tags":[],"class_list":{"0":"post-17084","1":"post","2":"type-post","3":"status-publish","4":"format-standard","5":"has-post-thumbnail","7":"category-nacionales"},"aioseo_notices":[],"_links":{"self":[{"href":"https:\/\/lalupa24.com.ar\/index.php\/wp-json\/wp\/v2\/posts\/17084","targetHints":{"allow":["GET"]}}],"collection":[{"href":"https:\/\/lalupa24.com.ar\/index.php\/wp-json\/wp\/v2\/posts"}],"about":[{"href":"https:\/\/lalupa24.com.ar\/index.php\/wp-json\/wp\/v2\/types\/post"}],"author":[{"embeddable":true,"href":"https:\/\/lalupa24.com.ar\/index.php\/wp-json\/wp\/v2\/users\/2"}],"replies":[{"embeddable":true,"href":"https:\/\/lalupa24.com.ar\/index.php\/wp-json\/wp\/v2\/comments?post=17084"}],"version-history":[{"count":1,"href":"https:\/\/lalupa24.com.ar\/index.php\/wp-json\/wp\/v2\/posts\/17084\/revisions"}],"predecessor-version":[{"id":17094,"href":"https:\/\/lalupa24.com.ar\/index.php\/wp-json\/wp\/v2\/posts\/17084\/revisions\/17094"}],"wp:featuredmedia":[{"embeddable":true,"href":"https:\/\/lalupa24.com.ar\/index.php\/wp-json\/wp\/v2\/media\/17093"}],"wp:attachment":[{"href":"https:\/\/lalupa24.com.ar\/index.php\/wp-json\/wp\/v2\/media?parent=17084"}],"wp:term":[{"taxonomy":"category","embeddable":true,"href":"https:\/\/lalupa24.com.ar\/index.php\/wp-json\/wp\/v2\/categories?post=17084"},{"taxonomy":"post_tag","embeddable":true,"href":"https:\/\/lalupa24.com.ar\/index.php\/wp-json\/wp\/v2\/tags?post=17084"}],"curies":[{"name":"wp","href":"https:\/\/api.w.org\/{rel}","templated":true}]}}