{"id":17100,"date":"2026-02-23T13:23:36","date_gmt":"2026-02-23T16:23:36","guid":{"rendered":"https:\/\/lalupa24.com.ar\/?p=17100"},"modified":"2026-02-23T13:23:37","modified_gmt":"2026-02-23T16:23:37","slug":"milei-ante-el-congreso-el-desafio-de-consolidar-la-hegemonia-libertaria-frente-a-una-oposicion-fragmentada","status":"publish","type":"post","link":"https:\/\/lalupa24.com.ar\/index.php\/2026\/02\/23\/milei-ante-el-congreso-el-desafio-de-consolidar-la-hegemonia-libertaria-frente-a-una-oposicion-fragmentada\/","title":{"rendered":"MILEI ANTE EL CONGRESO: EL DESAF\u00cdO DE CONSOLIDAR LA HEGEMON\u00cdA LIBERTARIA FRENTE A UNA OPOSICI\u00d3N FRAGMENTADA"},"content":{"rendered":"\n<hr class=\"wp-block-separator has-alpha-channel-opacity\"\/>\n\n\n\n<h2 class=\"wp-block-heading\"><\/h2>\n\n\n\n<p>El presidente Javier Milei se prepara para inaugurar un nuevo per\u00edodo de sesiones ordinarias el pr\u00f3ximo 1 de marzo, en un escenario pol\u00edtico que marca un punto de inflexi\u00f3n para su administraci\u00f3n. Tras un inicio de a\u00f1o caracterizado por la profundizaci\u00f3n de su programa econ\u00f3mico, la expectativa se centra en el discurso ante la Asamblea Legislativa, donde se espera que el mandatario no solo ratifique el rumbo de sus reformas, sino que exponga la nueva configuraci\u00f3n de poder en un Congreso donde las mayor\u00edas tradicionales parecen haberse disuelto. Este evento no es un acto protocolar m\u00e1s; representa la puesta en escena de una &#8220;nueva hegemon\u00eda&#8221; que busca desplazar definitivamente los ejes del debate pol\u00edtico argentino.<\/p>\n\n\n\n<p>El n\u00facleo del mensaje presidencial estar\u00e1 enfocado en un ambicioso paquete de reformas estructurales que el Ejecutivo enviar\u00e1 en las pr\u00f3ximas semanas. Fuentes gubernamentales sugieren que el enfoque estar\u00e1 puesto en la modernizaci\u00f3n del Estado, la desregulaci\u00f3n de sectores clave de la econom\u00eda y cambios profundos en el sistema laboral y tributario. Para Milei, el respaldo obtenido en las \u00faltimas mediciones de opini\u00f3n p\u00fablica act\u00faa como un blindaje pol\u00edtico que le permite presionar a las c\u00e1maras legislativas, exigiendo celeridad en el tratamiento de leyes que considera vitales para sostener la estabilidad macroecon\u00f3mica alcanzada en el \u00faltimo bienio.<\/p>\n\n\n\n<p>En el plano pol\u00edtico, el discurso encuentra a un peronismo sumergido en una crisis de liderazgo y representaci\u00f3n sin precedentes. La denominada &#8220;desbandada&#8221; del bloque opositor ha dejado un vac\u00edo que el oficialismo ha sabido capitalizar mediante alianzas estrat\u00e9gicas con gobernadores y sectores dialoguistas. Analistas parlamentarios coinciden en que la fragmentaci\u00f3n del bloque de Uni\u00f3n por la Patria dificulta la articulaci\u00f3n de una resistencia s\u00f3lida, permitiendo que la agenda de La Libertad Avanza domine el calendario legislativo sin los obst\u00e1culos que marcaron el primer a\u00f1o de gesti\u00f3n.<\/p>\n\n\n\n<p>Desde el \u00e1mbito econ\u00f3mico, se espera que el mandatario presente datos duros sobre la reducci\u00f3n del d\u00e9ficit fiscal y la desaceleraci\u00f3n inflacionaria como trofeos de su modelo. Sin embargo, el desaf\u00edo t\u00e9cnico reside en c\u00f3mo estas variables se traducen en una recuperaci\u00f3n del consumo y del empleo formal, puntos que la oposici\u00f3n intentar\u00e1 se\u00f1alar como debilidades del esquema libertario. La mirada de los mercados internacionales tambi\u00e9n estar\u00e1 puesta en el recinto, buscando se\u00f1ales de sostenibilidad pol\u00edtica a largo plazo que garanticen que las reformas no ser\u00e1n revertidas en el pr\u00f3ximo ciclo electoral.<\/p>\n\n\n\n<p>La din\u00e1mica dentro del recinto promete ser tensa, reflejando la polarizaci\u00f3n que a\u00fan persiste en ciertos sectores de la sociedad. Mientras el oficialismo prepara una movilizaci\u00f3n digital y f\u00edsica para respaldar al presidente, los sectores sociales y sindicales monitorean de cerca los anuncios sobre posibles ajustes adicionales en subsidios o programas de asistencia. El rol de la vicepresidenta Victoria Villarruel ser\u00e1 crucial para moderar el debate y garantizar que la jornada se desarrolle bajo los carriles institucionales, en un contexto donde cada gesto gestual y cada palabra del presidente ser\u00e1 analizada bajo lupa por el arco pol\u00edtico nacional e internacional.<\/p>\n\n\n\n<p>Hacia adelante, la apertura de sesiones de 2026 marcar\u00e1 el inicio de un a\u00f1o legislativo donde la capacidad de negociaci\u00f3n del Gobierno ser\u00e1 puesta a prueba. Si Milei logra transformar su ret\u00f3rica de &#8220;nueva hegemon\u00eda&#8221; en leyes concretas,<\/p>\n","protected":false},"excerpt":{"rendered":"<p>El presidente Javier Milei se prepara para inaugurar un nuevo per\u00edodo de sesiones ordinarias el pr\u00f3ximo 1 de marzo, en un escenario pol\u00edtico que marca un punto de inflexi\u00f3n para su administraci\u00f3n. Tras un inicio de a\u00f1o caracterizado por la profundizaci\u00f3n de su programa econ\u00f3mico, la expectativa se centra en el discurso ante la Asamblea [&hellip;]<\/p>\n","protected":false},"author":2,"featured_media":17090,"comment_status":"open","ping_status":"open","sticky":false,"template":"","format":"standard","meta":{"footnotes":""},"categories":[26],"tags":[],"class_list":{"0":"post-17100","1":"post","2":"type-post","3":"status-publish","4":"format-standard","5":"has-post-thumbnail","7":"category-nacionales"},"aioseo_notices":[],"_links":{"self":[{"href":"https:\/\/lalupa24.com.ar\/index.php\/wp-json\/wp\/v2\/posts\/17100","targetHints":{"allow":["GET"]}}],"collection":[{"href":"https:\/\/lalupa24.com.ar\/index.php\/wp-json\/wp\/v2\/posts"}],"about":[{"href":"https:\/\/lalupa24.com.ar\/index.php\/wp-json\/wp\/v2\/types\/post"}],"author":[{"embeddable":true,"href":"https:\/\/lalupa24.com.ar\/index.php\/wp-json\/wp\/v2\/users\/2"}],"replies":[{"embeddable":true,"href":"https:\/\/lalupa24.com.ar\/index.php\/wp-json\/wp\/v2\/comments?post=17100"}],"version-history":[{"count":1,"href":"https:\/\/lalupa24.com.ar\/index.php\/wp-json\/wp\/v2\/posts\/17100\/revisions"}],"predecessor-version":[{"id":17101,"href":"https:\/\/lalupa24.com.ar\/index.php\/wp-json\/wp\/v2\/posts\/17100\/revisions\/17101"}],"wp:featuredmedia":[{"embeddable":true,"href":"https:\/\/lalupa24.com.ar\/index.php\/wp-json\/wp\/v2\/media\/17090"}],"wp:attachment":[{"href":"https:\/\/lalupa24.com.ar\/index.php\/wp-json\/wp\/v2\/media?parent=17100"}],"wp:term":[{"taxonomy":"category","embeddable":true,"href":"https:\/\/lalupa24.com.ar\/index.php\/wp-json\/wp\/v2\/categories?post=17100"},{"taxonomy":"post_tag","embeddable":true,"href":"https:\/\/lalupa24.com.ar\/index.php\/wp-json\/wp\/v2\/tags?post=17100"}],"curies":[{"name":"wp","href":"https:\/\/api.w.org\/{rel}","templated":true}]}}