{"id":17106,"date":"2026-02-23T13:25:20","date_gmt":"2026-02-23T16:25:20","guid":{"rendered":"https:\/\/lalupa24.com.ar\/?p=17106"},"modified":"2026-02-23T13:25:21","modified_gmt":"2026-02-23T16:25:21","slug":"el-senado-cierra-el-periodo-extraordinario-con-el-foco-puesto-en-una-reforma-laboral-clave","status":"publish","type":"post","link":"https:\/\/lalupa24.com.ar\/index.php\/2026\/02\/23\/el-senado-cierra-el-periodo-extraordinario-con-el-foco-puesto-en-una-reforma-laboral-clave\/","title":{"rendered":"EL SENADO CIERRA EL PER\u00cdODO EXTRAORDINARIO CON EL FOCO PUESTO EN UNA REFORMA LABORAL CLAVE"},"content":{"rendered":"\n<hr class=\"wp-block-separator has-alpha-channel-opacity\"\/>\n\n\n\n<h2 class=\"wp-block-heading\">El Senado de la Naci\u00f3n encara una semana decisiva que marcar\u00e1 el rumbo de la agenda legislativa del a\u00f1o. Con la finalizaci\u00f3n del per\u00edodo de sesiones extraordinarias, la C\u00e1mara Alta ha convocado a dos jornadas de debate intensivo donde el plato fuerte ser\u00e1, sin duda, el proyecto de reforma laboral. Esta iniciativa no solo representa un objetivo estrat\u00e9gico para el Poder Ejecutivo, sino que se percibe como el term\u00f3metro definitivo para medir la capacidad de consenso entre el oficialismo y la oposici\u00f3n dialoguista en un contexto de alta sensibilidad social.<\/h2>\n\n\n\n<p>El n\u00facleo de la discusi\u00f3n radica en la modificaci\u00f3n de las indemnizaciones y la flexibilizaci\u00f3n de los reg\u00edmenes de contrataci\u00f3n para peque\u00f1as y medianas empresas. Seg\u00fan fuentes parlamentarias, el oficialismo busca acelerar el dictamen de mayor\u00eda argumentando que estas medidas son indispensables para dinamizar el empleo formal y reducir la litigiosidad laboral. Por su parte, los bloques opositores han manifestado reparos respecto a la p\u00e9rdida de derechos adquiridos, lo que ha derivado en intensas negociaciones de \u00faltimo minuto en los pasillos del Palacio Legislativo.<\/p>\n\n\n\n<p>El contexto pol\u00edtico a\u00f1ade una capa de complejidad al debate, dado que el cierre de las extraordinarias coincide con un clima de tensi\u00f3n con las centrales sindicales. De acuerdo con analistas pol\u00edticos, el resultado de estas sesiones definir\u00e1 la gobernabilidad legislativa del primer semestre. La estrategia del Gobierno ha sido clara: polarizar la discusi\u00f3n entre la &#8220;modernizaci\u00f3n necesaria&#8221; y el &#8220;estancamiento del modelo tradicional&#8221;, buscando capitalizar el apoyo de los sectores empresariales que reclaman una baja en los costos no salariales.<\/p>\n\n\n\n<p>Adem\u00e1s de la reforma laboral, el temario incluye la ratificaci\u00f3n de pliegos judiciales y acuerdos internacionales que hab\u00edan quedado relegados. Sin embargo, la atenci\u00f3n p\u00fablica se mantiene fija en el recinto de sesiones, donde se espera que las jornadas se extiendan hasta la madrugada. La paridad de votos en ciertos art\u00edculos clave sugiere que la definici\u00f3n podr\u00eda quedar en manos de las presidencias de bloque o, en \u00faltima instancia, requerir un desempate que pondr\u00eda a prueba la cohesi\u00f3n interna de las alianzas mayoritarias.<\/p>\n\n\n\n<p>Desde el sector econ\u00f3mico, los datos duros respaldan la urgencia del debate: informes de consultoras privadas indican que la creaci\u00f3n de empleo privado se ha mantenido estancada en los \u00faltimos dos trimestres, a la espera de se\u00f1ales claras sobre el marco jur\u00eddico laboral. Expertos en derecho del trabajo sugieren que, m\u00e1s all\u00e1 de la aprobaci\u00f3n general, el \u00e9xito de la norma depender\u00e1 de la reglamentaci\u00f3n espec\u00edfica de los fondos de cese laboral, un modelo inspirado en sistemas internacionales que busca reemplazar las indemnizaciones tradicionales.<\/p>\n\n\n\n<p>Hacia adelante, el desenlace de esta semana en el Senado funcionar\u00e1 como el pr\u00f3logo de la apertura de sesiones ordinarias el pr\u00f3ximo 1 de marzo. Si el Gobierno logra sancionar la reforma, llegar\u00e1 al discurso ante la Asamblea Legislativa con un triunfo pol\u00edtico de magnitud que podr\u00eda calmar la volatilidad de los mercados. De lo contrario, el inicio del a\u00f1o parlamentario formal estar\u00e1 signado por la necesidad de recalcular una estrategia que, por ahora, apuesta todo a una reconfiguraci\u00f3n profunda del mercado de trabajo argentino.<\/p>\n","protected":false},"excerpt":{"rendered":"<p>El Senado de la Naci\u00f3n encara una semana decisiva que marcar\u00e1 el rumbo de la agenda legislativa del a\u00f1o. Con la finalizaci\u00f3n del per\u00edodo de sesiones extraordinarias, la C\u00e1mara Alta ha convocado a dos jornadas de debate intensivo donde el plato fuerte ser\u00e1, sin duda, el proyecto de reforma laboral. Esta iniciativa no solo representa [&hellip;]<\/p>\n","protected":false},"author":2,"featured_media":17087,"comment_status":"open","ping_status":"open","sticky":false,"template":"","format":"standard","meta":{"footnotes":""},"categories":[26],"tags":[],"class_list":{"0":"post-17106","1":"post","2":"type-post","3":"status-publish","4":"format-standard","5":"has-post-thumbnail","7":"category-nacionales"},"aioseo_notices":[],"_links":{"self":[{"href":"https:\/\/lalupa24.com.ar\/index.php\/wp-json\/wp\/v2\/posts\/17106","targetHints":{"allow":["GET"]}}],"collection":[{"href":"https:\/\/lalupa24.com.ar\/index.php\/wp-json\/wp\/v2\/posts"}],"about":[{"href":"https:\/\/lalupa24.com.ar\/index.php\/wp-json\/wp\/v2\/types\/post"}],"author":[{"embeddable":true,"href":"https:\/\/lalupa24.com.ar\/index.php\/wp-json\/wp\/v2\/users\/2"}],"replies":[{"embeddable":true,"href":"https:\/\/lalupa24.com.ar\/index.php\/wp-json\/wp\/v2\/comments?post=17106"}],"version-history":[{"count":1,"href":"https:\/\/lalupa24.com.ar\/index.php\/wp-json\/wp\/v2\/posts\/17106\/revisions"}],"predecessor-version":[{"id":17107,"href":"https:\/\/lalupa24.com.ar\/index.php\/wp-json\/wp\/v2\/posts\/17106\/revisions\/17107"}],"wp:featuredmedia":[{"embeddable":true,"href":"https:\/\/lalupa24.com.ar\/index.php\/wp-json\/wp\/v2\/media\/17087"}],"wp:attachment":[{"href":"https:\/\/lalupa24.com.ar\/index.php\/wp-json\/wp\/v2\/media?parent=17106"}],"wp:term":[{"taxonomy":"category","embeddable":true,"href":"https:\/\/lalupa24.com.ar\/index.php\/wp-json\/wp\/v2\/categories?post=17106"},{"taxonomy":"post_tag","embeddable":true,"href":"https:\/\/lalupa24.com.ar\/index.php\/wp-json\/wp\/v2\/tags?post=17106"}],"curies":[{"name":"wp","href":"https:\/\/api.w.org\/{rel}","templated":true}]}}