{"id":17115,"date":"2026-02-23T13:28:20","date_gmt":"2026-02-23T16:28:20","guid":{"rendered":"https:\/\/lalupa24.com.ar\/?p=17115"},"modified":"2026-02-23T13:28:21","modified_gmt":"2026-02-23T16:28:21","slug":"el-gobierno-provincial-anuncio-el-pago-de-sueldos-de-la-administracion-publica","status":"publish","type":"post","link":"https:\/\/lalupa24.com.ar\/index.php\/2026\/02\/23\/el-gobierno-provincial-anuncio-el-pago-de-sueldos-de-la-administracion-publica\/","title":{"rendered":"EL GOBIERNO PROVINCIAL ANUNCI\u00d3 EL PAGO DE SUELDOS DE LA ADMINISTRACI\u00d3N P\u00daBLICA"},"content":{"rendered":"\n<h4 class=\"wp-block-heading\">El Gobierno del Chaco inform\u00f3 que los haberes del mes de febrero de 2026, ser\u00e1n acreditados los d\u00edas lunes 2 y martes 3 de marzo, de acuerdo al cronograma establecido para los distintos sectores de la administraci\u00f3n p\u00fablica.<\/h4>\n\n\n\n<p>En primer lugar, el sector pasivo tendr\u00e1 depositado sus sueldos el lunes 2 de marzo, los cuales estar\u00e1n disponibles para su retiro a trav\u00e9s de cajeros autom\u00e1ticos a partir de las 21 horas de esa misma jornada. Al d\u00eda siguiente, podr\u00e1n cobrar por ventanilla.&nbsp;<\/p>\n\n\n\n<p>Por su parte, el sector activo percibir\u00e1 sus haberes el martes 3 de marzo, tambi\u00e9n con disponibilidad en cajeros autom\u00e1ticos desde las 21 horas.<\/p>\n\n\n\n<p>Desde el Ejecutivo provincial destacaron, una vez m\u00e1s, que el cumplimiento del cronograma de pagos forma parte de la planificaci\u00f3n financiera del Estado, garantizando previsibilidad a trabajadores activos y a jubilados de la administraci\u00f3n p\u00fablica. Adem\u00e1s, remarcaron que la acreditaci\u00f3n se realizar\u00e1 a trav\u00e9s de los canales habituales del sistema bancario.<\/p>\n","protected":false},"excerpt":{"rendered":"<p>El Gobierno del Chaco inform\u00f3 que los haberes del mes de febrero de 2026, ser\u00e1n acreditados los d\u00edas lunes 2 y martes 3 de marzo, de acuerdo al cronograma establecido para los distintos sectores de la administraci\u00f3n p\u00fablica. En primer lugar, el sector pasivo tendr\u00e1 depositado sus sueldos el lunes 2 de marzo, los cuales [&hellip;]<\/p>\n","protected":false},"author":2,"featured_media":17116,"comment_status":"open","ping_status":"open","sticky":false,"template":"","format":"standard","meta":{"footnotes":""},"categories":[28],"tags":[],"class_list":{"0":"post-17115","1":"post","2":"type-post","3":"status-publish","4":"format-standard","5":"has-post-thumbnail","7":"category-locales"},"aioseo_notices":[],"_links":{"self":[{"href":"https:\/\/lalupa24.com.ar\/index.php\/wp-json\/wp\/v2\/posts\/17115","targetHints":{"allow":["GET"]}}],"collection":[{"href":"https:\/\/lalupa24.com.ar\/index.php\/wp-json\/wp\/v2\/posts"}],"about":[{"href":"https:\/\/lalupa24.com.ar\/index.php\/wp-json\/wp\/v2\/types\/post"}],"author":[{"embeddable":true,"href":"https:\/\/lalupa24.com.ar\/index.php\/wp-json\/wp\/v2\/users\/2"}],"replies":[{"embeddable":true,"href":"https:\/\/lalupa24.com.ar\/index.php\/wp-json\/wp\/v2\/comments?post=17115"}],"version-history":[{"count":1,"href":"https:\/\/lalupa24.com.ar\/index.php\/wp-json\/wp\/v2\/posts\/17115\/revisions"}],"predecessor-version":[{"id":17117,"href":"https:\/\/lalupa24.com.ar\/index.php\/wp-json\/wp\/v2\/posts\/17115\/revisions\/17117"}],"wp:featuredmedia":[{"embeddable":true,"href":"https:\/\/lalupa24.com.ar\/index.php\/wp-json\/wp\/v2\/media\/17116"}],"wp:attachment":[{"href":"https:\/\/lalupa24.com.ar\/index.php\/wp-json\/wp\/v2\/media?parent=17115"}],"wp:term":[{"taxonomy":"category","embeddable":true,"href":"https:\/\/lalupa24.com.ar\/index.php\/wp-json\/wp\/v2\/categories?post=17115"},{"taxonomy":"post_tag","embeddable":true,"href":"https:\/\/lalupa24.com.ar\/index.php\/wp-json\/wp\/v2\/tags?post=17115"}],"curies":[{"name":"wp","href":"https:\/\/api.w.org\/{rel}","templated":true}]}}