{"id":17124,"date":"2026-02-23T13:30:06","date_gmt":"2026-02-23T16:30:06","guid":{"rendered":"https:\/\/lalupa24.com.ar\/?p=17124"},"modified":"2026-02-23T13:30:07","modified_gmt":"2026-02-23T16:30:07","slug":"exitosa-jornada-de-vacunacion-y-controles-escolares-en-las-brenas","status":"publish","type":"post","link":"https:\/\/lalupa24.com.ar\/index.php\/2026\/02\/23\/exitosa-jornada-de-vacunacion-y-controles-escolares-en-las-brenas\/","title":{"rendered":"EXITOSA JORNADA DE VACUNACI\u00d3N Y CONTROLES ESCOLARES EN LAS BRE\u00d1AS"},"content":{"rendered":"\n<p><strong>Desde Salud, se llev\u00f3 adelante una jornada integral en el Paseo de la Juventud, organizada por el Hospital 9 de Julio, donde se brindaron m\u00faltiples servicios destinados a ni\u00f1os y adolescentes de cara al inicio del ciclo lectivo 2026. La iniciativa forma parte de las pol\u00edticas integrales de salud bajo la conducci\u00f3n de la directora, Nancy Gomez, y el co-director, Carlos Chamorro, con el objetivo de facilitar el acceso a los controles y requisitos necesarios para el comienzo de clases, acercando servicios esenciales a la comunidad.<\/strong><br>Estas acciones tambi\u00e9n buscan promover la conciencia sobre la importancia de acompa\u00f1ar a las familias con informaci\u00f3n y herramientas que fortalezcan el crecimiento y el desarrollo integral de ni\u00f1os y adolescentes.<br>Asimismo, en el marco del trabajo articulado junto al hospital cabecera, se resalt\u00f3 el acompa\u00f1amiento de estudiantes rotantes de medicina de la Universidad Nacional de Mar del Plata y de la Uncaus, quienes participaron de esta jornada especial junto al equipo de salud.<br>Para la atenci\u00f3n de las familias se dispuso un amplio equipo integrado por m\u00e9dicos, odont\u00f3logos, personal administrativo y enfermeros de distintas \u00e1reas, quienes realizaron el llenado de planillas de aptitud f\u00edsica escolar, pr\u00e1cticas de enfermer\u00eda y actualizaci\u00f3n de esquemas de vacunaci\u00f3n, garantizando una atenci\u00f3n \u00e1gil y eficiente. Tambi\u00e9n participaron choferes sanitarios, personal de mantenimiento y colaboradores voluntarios de la comunidad.<\/p>\n\n\n\n<h4 class=\"wp-block-heading\"><\/h4>\n","protected":false},"excerpt":{"rendered":"<p>Desde Salud, se llev\u00f3 adelante una jornada integral en el Paseo de la Juventud, organizada por el Hospital 9 de Julio, donde se brindaron m\u00faltiples servicios destinados a ni\u00f1os y adolescentes de cara al inicio del ciclo lectivo 2026. La iniciativa forma parte de las pol\u00edticas integrales de salud bajo la conducci\u00f3n de la directora, [&hellip;]<\/p>\n","protected":false},"author":2,"featured_media":17126,"comment_status":"open","ping_status":"open","sticky":false,"template":"","format":"standard","meta":{"footnotes":""},"categories":[28],"tags":[],"class_list":{"0":"post-17124","1":"post","2":"type-post","3":"status-publish","4":"format-standard","5":"has-post-thumbnail","7":"category-locales"},"aioseo_notices":[],"_links":{"self":[{"href":"https:\/\/lalupa24.com.ar\/index.php\/wp-json\/wp\/v2\/posts\/17124","targetHints":{"allow":["GET"]}}],"collection":[{"href":"https:\/\/lalupa24.com.ar\/index.php\/wp-json\/wp\/v2\/posts"}],"about":[{"href":"https:\/\/lalupa24.com.ar\/index.php\/wp-json\/wp\/v2\/types\/post"}],"author":[{"embeddable":true,"href":"https:\/\/lalupa24.com.ar\/index.php\/wp-json\/wp\/v2\/users\/2"}],"replies":[{"embeddable":true,"href":"https:\/\/lalupa24.com.ar\/index.php\/wp-json\/wp\/v2\/comments?post=17124"}],"version-history":[{"count":1,"href":"https:\/\/lalupa24.com.ar\/index.php\/wp-json\/wp\/v2\/posts\/17124\/revisions"}],"predecessor-version":[{"id":17127,"href":"https:\/\/lalupa24.com.ar\/index.php\/wp-json\/wp\/v2\/posts\/17124\/revisions\/17127"}],"wp:featuredmedia":[{"embeddable":true,"href":"https:\/\/lalupa24.com.ar\/index.php\/wp-json\/wp\/v2\/media\/17126"}],"wp:attachment":[{"href":"https:\/\/lalupa24.com.ar\/index.php\/wp-json\/wp\/v2\/media?parent=17124"}],"wp:term":[{"taxonomy":"category","embeddable":true,"href":"https:\/\/lalupa24.com.ar\/index.php\/wp-json\/wp\/v2\/categories?post=17124"},{"taxonomy":"post_tag","embeddable":true,"href":"https:\/\/lalupa24.com.ar\/index.php\/wp-json\/wp\/v2\/tags?post=17124"}],"curies":[{"name":"wp","href":"https:\/\/api.w.org\/{rel}","templated":true}]}}