{"id":17169,"date":"2026-02-26T18:42:26","date_gmt":"2026-02-26T21:42:26","guid":{"rendered":"https:\/\/lalupa24.com.ar\/?p=17169"},"modified":"2026-02-26T18:42:28","modified_gmt":"2026-02-26T21:42:28","slug":"encuentro-federal-de-salud-adelantan-la-campana-antigripal-al-11-de-marzo","status":"publish","type":"post","link":"https:\/\/lalupa24.com.ar\/index.php\/2026\/02\/26\/encuentro-federal-de-salud-adelantan-la-campana-antigripal-al-11-de-marzo\/","title":{"rendered":"ENCUENTRO FEDERAL DE SALUD: ADELANTAN LA CAMPA\u00d1A ANTIGRIPAL AL 11 DE MARZO"},"content":{"rendered":"\n<p>En el encuentro, las autoridades nacionales confirmaron que la campa\u00f1a de vacunaci\u00f3n antigripal comenzar\u00e1 el pr\u00f3ximo 11 de marzo de manera simult\u00e1nea en todas las jurisdicciones. La decisi\u00f3n responde al adelantamiento en la circulaci\u00f3n de virus respiratorios y a la aparici\u00f3n de nuevas variantes, por lo que se dispuso acelerar la distribuci\u00f3n de dosis a las provincias para garantizar el acceso oportuno a la poblaci\u00f3n objetivo.<\/p>\n\n\n\n<p>Adem\u00e1s, durante la jornada se present\u00f3 el nuevo Plan Nacional de Alzheimer y Trastornos Relacionados, una estrategia destinada a fortalecer la prevenci\u00f3n, el diagn\u00f3stico temprano y el acompa\u00f1amiento de las personas afectadas, mediante un trabajo articulado entre Naci\u00f3n y las provincias.<\/p>\n\n\n\n<p>Otro de los ejes abordados fue el fortalecimiento de la Red Nacional de Emergencias Sanitarias,*\u00f1 con el objetivo de mejorar la capacidad de respuesta ante situaciones cr\u00edticas, as\u00ed como el avance en convenios con el PAMI que permitir\u00e1n optimizar el financiamiento de las prestaciones brindadas a sus afiliados en hospitales p\u00fablicos.<br>Desde el Ministerio de Salud del Chaco destacaron la importancia de estos espacios de articulaci\u00f3n federal, \u201cque permiten coordinar acciones y fortalecer el sistema sanitario provincial, garantizando el acceso a la salud en todo el territorio\u201d-asegur\u00f3 el ministro Rodriguez.&nbsp;<\/p>\n\n\n\n<p>El COFESA es el principal \u00e1mbito de coordinaci\u00f3n sanitaria del pa\u00eds, donde el Gobierno nacional y las provincias trabajan de manera conjunta en la planificaci\u00f3n y ejecuci\u00f3n de pol\u00edticas p\u00fablicas en materia de salud.<\/p>\n\n\n\n<h4 class=\"wp-block-heading\"><\/h4>\n","protected":false},"excerpt":{"rendered":"<p>En el encuentro, las autoridades nacionales confirmaron que la campa\u00f1a de vacunaci\u00f3n antigripal comenzar\u00e1 el pr\u00f3ximo 11 de marzo de manera simult\u00e1nea en todas las jurisdicciones. La decisi\u00f3n responde al adelantamiento en la circulaci\u00f3n de virus respiratorios y a la aparici\u00f3n de nuevas variantes, por lo que se dispuso acelerar la distribuci\u00f3n de dosis a [&hellip;]<\/p>\n","protected":false},"author":2,"featured_media":17170,"comment_status":"open","ping_status":"open","sticky":false,"template":"","format":"standard","meta":{"footnotes":""},"categories":[28],"tags":[],"class_list":{"0":"post-17169","1":"post","2":"type-post","3":"status-publish","4":"format-standard","5":"has-post-thumbnail","7":"category-locales"},"aioseo_notices":[],"_links":{"self":[{"href":"https:\/\/lalupa24.com.ar\/index.php\/wp-json\/wp\/v2\/posts\/17169","targetHints":{"allow":["GET"]}}],"collection":[{"href":"https:\/\/lalupa24.com.ar\/index.php\/wp-json\/wp\/v2\/posts"}],"about":[{"href":"https:\/\/lalupa24.com.ar\/index.php\/wp-json\/wp\/v2\/types\/post"}],"author":[{"embeddable":true,"href":"https:\/\/lalupa24.com.ar\/index.php\/wp-json\/wp\/v2\/users\/2"}],"replies":[{"embeddable":true,"href":"https:\/\/lalupa24.com.ar\/index.php\/wp-json\/wp\/v2\/comments?post=17169"}],"version-history":[{"count":1,"href":"https:\/\/lalupa24.com.ar\/index.php\/wp-json\/wp\/v2\/posts\/17169\/revisions"}],"predecessor-version":[{"id":17171,"href":"https:\/\/lalupa24.com.ar\/index.php\/wp-json\/wp\/v2\/posts\/17169\/revisions\/17171"}],"wp:featuredmedia":[{"embeddable":true,"href":"https:\/\/lalupa24.com.ar\/index.php\/wp-json\/wp\/v2\/media\/17170"}],"wp:attachment":[{"href":"https:\/\/lalupa24.com.ar\/index.php\/wp-json\/wp\/v2\/media?parent=17169"}],"wp:term":[{"taxonomy":"category","embeddable":true,"href":"https:\/\/lalupa24.com.ar\/index.php\/wp-json\/wp\/v2\/categories?post=17169"},{"taxonomy":"post_tag","embeddable":true,"href":"https:\/\/lalupa24.com.ar\/index.php\/wp-json\/wp\/v2\/tags?post=17169"}],"curies":[{"name":"wp","href":"https:\/\/api.w.org\/{rel}","templated":true}]}}