{"id":17172,"date":"2026-02-26T18:49:32","date_gmt":"2026-02-26T21:49:32","guid":{"rendered":"https:\/\/lalupa24.com.ar\/?p=17172"},"modified":"2026-02-26T18:49:33","modified_gmt":"2026-02-26T21:49:33","slug":"milei-ante-el-congreso-un-discurso-marcado-por-la-ratificacion-del-rumbo-economico-y-nuevas-reformas-estructurales","status":"publish","type":"post","link":"https:\/\/lalupa24.com.ar\/index.php\/2026\/02\/26\/milei-ante-el-congreso-un-discurso-marcado-por-la-ratificacion-del-rumbo-economico-y-nuevas-reformas-estructurales\/","title":{"rendered":"MILEI ANTE EL CONGRESO: UN DISCURSO MARCADO POR LA RATIFICACI\u00d3N DEL RUMBO ECON\u00d3MICO Y NUEVAS REFORMAS ESTRUCTURALES"},"content":{"rendered":"\n<p>El presidente Javier Milei se prepara para encabezar la apertura de sesiones ordinarias en el Congreso de la Naci\u00f3n, en un escenario pol\u00edtico cargado de expectativas y tensiones. Con un discurso que se estima tendr\u00e1 una duraci\u00f3n de una hora, el mandatario busca consolidar su narrativa de cambio profundo, centrando su mensaje en la batalla cultural contra lo que denomina el &#8220;modelo de la casta&#8221; y la defensa irrestricta del equilibrio fiscal. Este evento no solo marca el inicio del a\u00f1o legislativo, sino que representa una prueba de fuego para la relaci\u00f3n entre el Poder Ejecutivo y un Parlamento donde el oficialismo busca aceitar alianzas estrat\u00e9gicas.<\/p>\n\n\n\n<p>Fuentes cercanas a la Casa Rosada adelantan que el eje central de la alocuci\u00f3n ser\u00e1 la denuncia contra los &#8220;empresaurios&#8221; y sectores corporativos que, seg\u00fan la visi\u00f3n presidencial, han obstaculizado el desarrollo del libre mercado en Argentina. El tono se prev\u00e9 confrontativo pero t\u00e9cnico, desglosando los logros macroecon\u00f3micos obtenidos durante su gesti\u00f3n y se\u00f1alando con nombre y apellido a los actores que impiden la modernizaci\u00f3n del sistema productivo. Este enfoque busca apelar directamente a su base electoral, reforzando la idea de que el sacrificio econ\u00f3mico actual es el \u00fanico camino hacia una estabilidad duradera.<\/p>\n\n\n\n<p>En el plano de las propuestas, se espera que Milei anuncie un ambicioso paquete de reformas que incluyen cambios en el sistema laboral y una profunda desregulaci\u00f3n de sectores clave de la econom\u00eda. El an\u00e1lisis de expertos constitucionalistas sugiere que el Presidente intentar\u00e1 forzar el debate legislativo sobre leyes que quedaron truncas en meses anteriores, utilizando el estrado del Congreso como una plataforma de presi\u00f3n p\u00fablica hacia los gobernadores y legisladores de la oposici\u00f3n dialoguista. La estrategia apunta a exponer las contradicciones de la pol\u00edtica tradicional frente a la demanda de cambio que lo llev\u00f3 al poder.<\/p>\n\n\n\n<p>El contexto internacional tambi\u00e9n tendr\u00e1 un espacio destacado en la narrativa presidencial. Se espera que Milei destaque el alineamiento geopol\u00edtico de Argentina con las democracias occidentales y el fortalecimiento de la confianza de los mercados externos. Datos del Ministerio de Econom\u00eda respaldan esta postura, mostrando una desaceleraci\u00f3n en ciertos indicadores de riesgo que el mandatario utilizar\u00e1 como evidencia del \u00e9xito de su plan de shock. No obstante, el desaf\u00edo reside en c\u00f3mo estas cifras se traducen en una mejora palpable para el consumo interno, una de las mayores cr\u00edticas de los sectores opositores.<\/p>\n\n\n\n<p>La puesta en escena en el Congreso ser\u00e1 fundamental para la gobernabilidad del resto del a\u00f1o. El Gobierno necesita demostrar que, m\u00e1s all\u00e1 de la ret\u00f3rica agresiva, posee la capacidad t\u00e9cnica y pol\u00edtica para transformar sus promesas en marcos legales vigentes. La presencia de invitados especiales y la disposici\u00f3n del recinto han sido cuidadosamente planificadas para proyectar una imagen de autoridad y respaldo popular. El discurso funcionar\u00e1, en \u00faltima instancia, como un balance de gesti\u00f3n y, simult\u00e1neamente, como el lanzamiento de una nueva etapa de su programa econ\u00f3mico liberal.<\/p>\n\n\n\n<p>Hacia el cierre, el mensaje presidencial se enfocar\u00e1 en la proyecci\u00f3n de una Argentina integrada al mundo y libre de las ataduras del intervencionismo estatal. La reflexi\u00f3n final de Milei probablemente apele a la paciencia de la ciudadan\u00eda, insistiendo en que los efectos positivos de las reformas estructurales requieren tiempo para consolidarse. El impacto de sus palabras se medir\u00e1 no solo en la reacci\u00f3n de los mercados financieros en las horas posteriores, sino en la capacidad de generar un consenso m\u00ednimo que permita avanzar con la agenda reformista en un Congreso fragmentado.<\/p>\n","protected":false},"excerpt":{"rendered":"<p>El presidente Javier Milei se prepara para encabezar la apertura de sesiones ordinarias en el Congreso de la Naci\u00f3n, en un escenario pol\u00edtico cargado de expectativas y tensiones. Con un discurso que se estima tendr\u00e1 una duraci\u00f3n de una hora, el mandatario busca consolidar su narrativa de cambio profundo, centrando su mensaje en la batalla [&hellip;]<\/p>\n","protected":false},"author":2,"featured_media":17173,"comment_status":"open","ping_status":"open","sticky":false,"template":"","format":"standard","meta":{"footnotes":""},"categories":[26],"tags":[],"class_list":{"0":"post-17172","1":"post","2":"type-post","3":"status-publish","4":"format-standard","5":"has-post-thumbnail","7":"category-nacionales"},"aioseo_notices":[],"_links":{"self":[{"href":"https:\/\/lalupa24.com.ar\/index.php\/wp-json\/wp\/v2\/posts\/17172","targetHints":{"allow":["GET"]}}],"collection":[{"href":"https:\/\/lalupa24.com.ar\/index.php\/wp-json\/wp\/v2\/posts"}],"about":[{"href":"https:\/\/lalupa24.com.ar\/index.php\/wp-json\/wp\/v2\/types\/post"}],"author":[{"embeddable":true,"href":"https:\/\/lalupa24.com.ar\/index.php\/wp-json\/wp\/v2\/users\/2"}],"replies":[{"embeddable":true,"href":"https:\/\/lalupa24.com.ar\/index.php\/wp-json\/wp\/v2\/comments?post=17172"}],"version-history":[{"count":1,"href":"https:\/\/lalupa24.com.ar\/index.php\/wp-json\/wp\/v2\/posts\/17172\/revisions"}],"predecessor-version":[{"id":17186,"href":"https:\/\/lalupa24.com.ar\/index.php\/wp-json\/wp\/v2\/posts\/17172\/revisions\/17186"}],"wp:featuredmedia":[{"embeddable":true,"href":"https:\/\/lalupa24.com.ar\/index.php\/wp-json\/wp\/v2\/media\/17173"}],"wp:attachment":[{"href":"https:\/\/lalupa24.com.ar\/index.php\/wp-json\/wp\/v2\/media?parent=17172"}],"wp:term":[{"taxonomy":"category","embeddable":true,"href":"https:\/\/lalupa24.com.ar\/index.php\/wp-json\/wp\/v2\/categories?post=17172"},{"taxonomy":"post_tag","embeddable":true,"href":"https:\/\/lalupa24.com.ar\/index.php\/wp-json\/wp\/v2\/tags?post=17172"}],"curies":[{"name":"wp","href":"https:\/\/api.w.org\/{rel}","templated":true}]}}