{"id":17199,"date":"2026-02-26T18:58:46","date_gmt":"2026-02-26T21:58:46","guid":{"rendered":"https:\/\/lalupa24.com.ar\/?p=17199"},"modified":"2026-02-26T18:58:50","modified_gmt":"2026-02-26T21:58:50","slug":"javier-milei-contra-el-poder-industrial-el-presidente-acusa-a-rocca-y-otros-empresarios-de-perpetuar-un-sistema-corrupto","status":"publish","type":"post","link":"https:\/\/lalupa24.com.ar\/index.php\/2026\/02\/26\/javier-milei-contra-el-poder-industrial-el-presidente-acusa-a-rocca-y-otros-empresarios-de-perpetuar-un-sistema-corrupto\/","title":{"rendered":"JAVIER MILEI CONTRA EL PODER INDUSTRIAL: EL PRESIDENTE ACUSA A ROCCA Y OTROS EMPRESARIOS DE PERPETUAR UN &#8220;SISTEMA CORRUPTO&#8221;"},"content":{"rendered":"\n<p>En una nueva escalada de su denominada &#8220;batalla cultural&#8221;, el presidente Javier Milei lanz\u00f3 duras cr\u00edticas contra figuras centrales del empresariado industrial argentino, acus\u00e1ndolos de haber consolidado un esquema de prebendas y proteccionismo que perjudica a la sociedad. A trav\u00e9s de sus canales oficiales, el mandatario apunt\u00f3 directamente contra Paolo Rocca, titular del Grupo Techint; Javier Madanes Quintanilla, due\u00f1o de Aluar y Fate; y Roberto M\u00e9ndez, de Neumen. Seg\u00fan el jefe de Estado, estos directivos han dejado en evidencia la existencia de un &#8220;sistema corrupto&#8221; que, bajo la fachada del nacionalismo industrial, habr\u00eda capturado rentas extraordinarias a costa de los consumidores.<\/p>\n\n\n\n<p>El detonante de esta confrontaci\u00f3n frontal ha sido la controversia por la estructura de costos y precios en sectores estrat\u00e9gicos como el aluminio y los neum\u00e1ticos. Milei utiliz\u00f3 apelativos ir\u00f3nicos para referirse a los industriales, como &#8220;Don Chatarr\u00edn de los Tubitos Caros&#8221; y &#8220;Don Gomita Alum\u00ednica&#8221;, se\u00f1alando lo que el Gobierno considera una falta de competitividad cr\u00f3nica en sus empresas. La cr\u00edtica presidencial se produce en un momento de tensi\u00f3n tras el anuncio del cierre de la planta de Fate y las recientes declaraciones de Roberto M\u00e9ndez, quien admiti\u00f3 en una entrevista que, durante a\u00f1os, el mercado &#8220;no era real&#8221; y los precios locales estaban sobreestimados debido al proteccionismo.<\/p>\n\n\n\n<p>Desde el enfoque econ\u00f3mico del oficialismo, se sostiene que empresas como Aluar \u2014\u00fanica productora de aluminio primario en el pa\u00eds\u2014 y el Grupo Techint se han beneficiado de regulaciones que limitan la competencia extranjera, permiti\u00e9ndoles fijar precios internos superiores a los internacionales. El informe del Ministerio de Econom\u00eda sugiere que la apertura de importaciones es la herramienta clave para desarmar estos &#8220;feudos corporativos&#8221;. Por su parte, el sector industrial argumenta que la falta de competitividad no es responsabilidad exclusiva de las empresas, sino de una carga impositiva elevada y costos energ\u00e9ticos que dificultan la competencia con productos provenientes de mercados como China o India.<\/p>\n\n\n\n<p>La embestida de Milei contra Paolo Rocca marca un punto de inflexi\u00f3n, dado que el Grupo Techint ha sido hist\u00f3ricamente un actor con peso institucional en las decisiones de pol\u00edtica econ\u00f3mica del pa\u00eds. El Presidente cuestion\u00f3 incluso licitaciones recientes, como la provisi\u00f3n de tubos para proyectos energ\u00e9ticos, sugiriendo que las ofertas de las empresas locales no guardan relaci\u00f3n con los costos globales. Esta postura refuerza el discurso gubernamental de que &#8220;no hay vacas sagradas&#8221; en su plan de desregulaci\u00f3n, incluso si esto implica enfrentarse a los sectores que tradicionalmente han financiado o influido en las administraciones anteriores.<\/p>\n\n\n\n<p>El conflicto tambi\u00e9n tiene un trasfondo social y laboral significativo, especialmente por la situaci\u00f3n de Fate y la industria del neum\u00e1tico. Mientras el Gobierno celebra lo que llama el &#8220;despertar de un pa\u00eds&#8221; frente a estos abusos, los gremios advierten sobre la destrucci\u00f3n de empleos calificados producto de una apertura indiscriminada de importaciones. Sin embargo, para la administraci\u00f3n de La Libertad Avanza, el costo de mantener una industria &#8220;artificialmente protegida&#8221; es mayor que el impacto de la transici\u00f3n hacia un mercado libre, donde los precios sean determinados por la competencia y no por acuerdos corporativos con el Estado.<\/p>\n\n\n\n<p>La proyecci\u00f3n de este enfrentamiento sugiere que la relaci\u00f3n entre la Casa Rosada y la Uni\u00f3n Industrial Argentina (UIA) entrar\u00e1 en una fase de m\u00e1xima tensi\u00f3n en los pr\u00f3ximos meses. El impacto futuro de estas declaraciones podr\u00eda traducirse en una aceleraci\u00f3n de medidas arancelarias que fuercen a estas grandes compa\u00f1\u00edas a ajustar sus m\u00e1rgenes de ganancia o a enfrentar una p\u00e9rdida dr\u00e1stica de mercado. Con su ret\u00f3rica de &#8220;batalla cultural&#8221;, Milei parece decidido a desmantelar lo que define como el &#8220;capitalismo de amigos&#8221;, apostando a que el electorado valide un modelo de apertura total a pesar de las resistencias del poder econ\u00f3mico tradicional.<\/p>\n","protected":false},"excerpt":{"rendered":"<p>En una nueva escalada de su denominada &#8220;batalla cultural&#8221;, el presidente Javier Milei lanz\u00f3 duras cr\u00edticas contra figuras centrales del empresariado industrial argentino, acus\u00e1ndolos de haber consolidado un esquema de prebendas y proteccionismo que perjudica a la sociedad. A trav\u00e9s de sus canales oficiales, el mandatario apunt\u00f3 directamente contra Paolo Rocca, titular del Grupo Techint; [&hellip;]<\/p>\n","protected":false},"author":2,"featured_media":17180,"comment_status":"open","ping_status":"open","sticky":false,"template":"","format":"standard","meta":{"footnotes":""},"categories":[26],"tags":[],"class_list":{"0":"post-17199","1":"post","2":"type-post","3":"status-publish","4":"format-standard","5":"has-post-thumbnail","7":"category-nacionales"},"aioseo_notices":[],"_links":{"self":[{"href":"https:\/\/lalupa24.com.ar\/index.php\/wp-json\/wp\/v2\/posts\/17199","targetHints":{"allow":["GET"]}}],"collection":[{"href":"https:\/\/lalupa24.com.ar\/index.php\/wp-json\/wp\/v2\/posts"}],"about":[{"href":"https:\/\/lalupa24.com.ar\/index.php\/wp-json\/wp\/v2\/types\/post"}],"author":[{"embeddable":true,"href":"https:\/\/lalupa24.com.ar\/index.php\/wp-json\/wp\/v2\/users\/2"}],"replies":[{"embeddable":true,"href":"https:\/\/lalupa24.com.ar\/index.php\/wp-json\/wp\/v2\/comments?post=17199"}],"version-history":[{"count":1,"href":"https:\/\/lalupa24.com.ar\/index.php\/wp-json\/wp\/v2\/posts\/17199\/revisions"}],"predecessor-version":[{"id":17200,"href":"https:\/\/lalupa24.com.ar\/index.php\/wp-json\/wp\/v2\/posts\/17199\/revisions\/17200"}],"wp:featuredmedia":[{"embeddable":true,"href":"https:\/\/lalupa24.com.ar\/index.php\/wp-json\/wp\/v2\/media\/17180"}],"wp:attachment":[{"href":"https:\/\/lalupa24.com.ar\/index.php\/wp-json\/wp\/v2\/media?parent=17199"}],"wp:term":[{"taxonomy":"category","embeddable":true,"href":"https:\/\/lalupa24.com.ar\/index.php\/wp-json\/wp\/v2\/categories?post=17199"},{"taxonomy":"post_tag","embeddable":true,"href":"https:\/\/lalupa24.com.ar\/index.php\/wp-json\/wp\/v2\/tags?post=17199"}],"curies":[{"name":"wp","href":"https:\/\/api.w.org\/{rel}","templated":true}]}}