{"id":17209,"date":"2026-02-26T19:04:32","date_gmt":"2026-02-26T22:04:32","guid":{"rendered":"https:\/\/lalupa24.com.ar\/?p=17209"},"modified":"2026-02-26T19:04:33","modified_gmt":"2026-02-26T22:04:33","slug":"propuesta-legislativa-busca-exigir-examenes-psicotecnicos-para-el-acceso-a-altos-cargos-publicos-en-argentina","status":"publish","type":"post","link":"https:\/\/lalupa24.com.ar\/index.php\/2026\/02\/26\/propuesta-legislativa-busca-exigir-examenes-psicotecnicos-para-el-acceso-a-altos-cargos-publicos-en-argentina\/","title":{"rendered":"PROPUESTA LEGISLATIVA BUSCA EXIGIR EX\u00c1MENES PSICOT\u00c9CNICOS PARA EL ACCESO A ALTOS CARGOS P\u00daBLICOS EN ARGENTINA"},"content":{"rendered":"\n<p>La diputada nacional por La Libertad Avanza, Mar\u00eda Celeste Ponce, ha presentado un proyecto de ley que busca transformar los requisitos de idoneidad para el ejercicio de la funci\u00f3n p\u00fablica de alta jerarqu\u00eda en el pa\u00eds. La iniciativa propone la implementaci\u00f3n obligatoria de ex\u00e1menes psicot\u00e9cnicos y evaluaciones de perfil psicol\u00f3gico para quienes aspiren a cargos de relevancia en los tres poderes del Estado. Esta medida surge en un contexto de creciente demanda social por una mayor transparencia y profesionalismo en la gesti\u00f3n pol\u00edtica, intentando equiparar los est\u00e1ndares de ingreso del sector p\u00fablico con los protocolos de alta direcci\u00f3n vigentes en el sector privado.<\/p>\n\n\n\n<p>El proyecto establece que las evaluaciones deber\u00e1n ser realizadas por instituciones especializadas y aut\u00f3nomas, garantizando la imparcialidad del proceso. Seg\u00fan el texto presentado, los ex\u00e1menes no solo medir\u00e1n capacidades cognitivas, sino que se centrar\u00e1n en la detecci\u00f3n de rasgos de personalidad que resulten incompatibles con la toma de decisiones de alto impacto social. &#8220;Es fundamental asegurar que quienes tienen la responsabilidad de conducir los destinos de la naci\u00f3n posean el equilibrio emocional y la estructura ps\u00edquica necesaria para afrontar situaciones de crisis&#8221;, se\u00f1alaron fuentes cercanas al despacho de la legisladora cordobesa.<\/p>\n\n\n\n<p>Entre los puntos m\u00e1s destacados de la propuesta, se menciona la evaluaci\u00f3n de la denominada &#8220;Tr\u00edada Oscura&#8221; de la personalidad, que incluye el narcisismo, el maquiavelismo y la psicopat\u00eda subcl\u00ednica. El uso de instrumentos estandarizados permitir\u00eda identificar patrones de comportamiento vinculados a la falta de empat\u00eda o a la propensi\u00f3n al abuso de poder. De acuerdo con analistas en psicolog\u00eda organizacional, la inclusi\u00f3n de estas m\u00e9tricas en la selecci\u00f3n de personal pol\u00edtico podr\u00eda funcionar como un filtro preventivo ante posibles conductas autoritarias o desviaciones \u00e9ticas en el ejercicio del cargo.<\/p>\n\n\n\n<p>La iniciativa tambi\u00e9n contempla el an\u00e1lisis del juicio cr\u00edtico y la tolerancia a la presi\u00f3n institucional, factores determinantes para ministros, legisladores y jueces. El marco normativo sugerido propone que los resultados de estas evaluaciones, aunque respetando la privacidad de los datos sensibles, sean un requisito habilitante previo a la asunci\u00f3n de funciones. En el \u00e1mbito parlamentario, el proyecto ya ha comenzado a generar debate entre distintas fuerzas pol\u00edticas, donde algunos sectores lo ven como una herramienta de modernizaci\u00f3n estatal, mientras que otros cuestionan los criterios de subjetividad que podr\u00edan permear las evaluaciones.<\/p>\n\n\n\n<p>Desde una perspectiva econ\u00f3mica y administrativa, los defensores del proyecto argumentan que la selecci\u00f3n de perfiles psicol\u00f3gicamente aptos reduce los costos indirectos derivados de una mala gesti\u00f3n o de esc\u00e1ndalos de corrupci\u00f3n vinculados a perfiles personalistas. Antecedentes internacionales en pa\u00edses con servicios civiles meritocr\u00e1ticos sugieren que la profesionalizaci\u00f3n de la capa pol\u00edtica mediante pruebas de idoneidad integral mejora la confianza ciudadana en las instituciones. En este sentido, la propuesta de Ponce busca alinear a la Argentina con est\u00e1ndares globales de gobernanza y \u00e9tica p\u00fablica.<\/p>\n\n\n\n<p>El futuro de la medida depender\u00e1 ahora del consenso que logre en las comisiones de Asuntos Constitucionales y de Peticiones, Poderes y Reglamento. De avanzar, significar\u00eda un cambio de paradigma en el sistema pol\u00edtico argentino, donde hist\u00f3ricamente la idoneidad ha sido interpretada principalmente bajo criterios de representaci\u00f3n popular o m\u00e9rito acad\u00e9mico. La discusi\u00f3n parlamentaria que se avecina promete poner bajo la lupa no solo la capacidad t\u00e9cnica de los funcionarios, sino tambi\u00e9n la salud mental y la integridad emocional como pilares b\u00e1sicos de la representaci\u00f3n democr\u00e1tica en el siglo XXI.<\/p>\n","protected":false},"excerpt":{"rendered":"<p>La diputada nacional por La Libertad Avanza, Mar\u00eda Celeste Ponce, ha presentado un proyecto de ley que busca transformar los requisitos de idoneidad para el ejercicio de la funci\u00f3n p\u00fablica de alta jerarqu\u00eda en el pa\u00eds. La iniciativa propone la implementaci\u00f3n obligatoria de ex\u00e1menes psicot\u00e9cnicos y evaluaciones de perfil psicol\u00f3gico para quienes aspiren a cargos [&hellip;]<\/p>\n","protected":false},"author":2,"featured_media":17185,"comment_status":"open","ping_status":"open","sticky":false,"template":"","format":"standard","meta":{"footnotes":""},"categories":[26],"tags":[],"class_list":{"0":"post-17209","1":"post","2":"type-post","3":"status-publish","4":"format-standard","5":"has-post-thumbnail","7":"category-nacionales"},"aioseo_notices":[],"_links":{"self":[{"href":"https:\/\/lalupa24.com.ar\/index.php\/wp-json\/wp\/v2\/posts\/17209","targetHints":{"allow":["GET"]}}],"collection":[{"href":"https:\/\/lalupa24.com.ar\/index.php\/wp-json\/wp\/v2\/posts"}],"about":[{"href":"https:\/\/lalupa24.com.ar\/index.php\/wp-json\/wp\/v2\/types\/post"}],"author":[{"embeddable":true,"href":"https:\/\/lalupa24.com.ar\/index.php\/wp-json\/wp\/v2\/users\/2"}],"replies":[{"embeddable":true,"href":"https:\/\/lalupa24.com.ar\/index.php\/wp-json\/wp\/v2\/comments?post=17209"}],"version-history":[{"count":1,"href":"https:\/\/lalupa24.com.ar\/index.php\/wp-json\/wp\/v2\/posts\/17209\/revisions"}],"predecessor-version":[{"id":17210,"href":"https:\/\/lalupa24.com.ar\/index.php\/wp-json\/wp\/v2\/posts\/17209\/revisions\/17210"}],"wp:featuredmedia":[{"embeddable":true,"href":"https:\/\/lalupa24.com.ar\/index.php\/wp-json\/wp\/v2\/media\/17185"}],"wp:attachment":[{"href":"https:\/\/lalupa24.com.ar\/index.php\/wp-json\/wp\/v2\/media?parent=17209"}],"wp:term":[{"taxonomy":"category","embeddable":true,"href":"https:\/\/lalupa24.com.ar\/index.php\/wp-json\/wp\/v2\/categories?post=17209"},{"taxonomy":"post_tag","embeddable":true,"href":"https:\/\/lalupa24.com.ar\/index.php\/wp-json\/wp\/v2\/tags?post=17209"}],"curies":[{"name":"wp","href":"https:\/\/api.w.org\/{rel}","templated":true}]}}