{"id":1727,"date":"2024-09-05T14:39:08","date_gmt":"2024-09-05T17:39:08","guid":{"rendered":"https:\/\/lalupa24.com.ar\/?p=1727"},"modified":"2024-09-07T14:41:28","modified_gmt":"2024-09-07T17:41:28","slug":"valle-expuso-sobre-perspectiva-de-genero-en-casos-de-mujeres-imputadas","status":"publish","type":"post","link":"https:\/\/lalupa24.com.ar\/index.php\/2024\/09\/05\/valle-expuso-sobre-perspectiva-de-genero-en-casos-de-mujeres-imputadas\/","title":{"rendered":"Valle expuso sobre perspectiva de g\u00e9nero en casos de mujeres imputadas"},"content":{"rendered":"\n<p>La jueza del Superior Tribunal de Justicia Emilia Mar\u00eda Valle expuso en el panel &#8220;Abordaje con perspectiva de g\u00e9nero en casos de mujeres imputadas&#8221; en el marco de las d\u00e9cimo segundas jornadas internacionales de violencia de g\u00e9nero y delitos conexos. La actividad tiene lugar en el Centro de Convenciones Gala bajo la consigna &#8220;construyendo buenas pr\u00e1cticas a trav\u00e9s del an\u00e1lisis de casos: experiencias, estrategias y reflexiones&#8221;.<\/p>\n\n\n\n<p>Junto a ella tambi\u00e9n disertaron Mar\u00eda Carolina Llanes Ocampos, ministra de la Corte Suprema de Justicia de Paraguay y Lara Leguizam\u00f3n, profesora adjunta de Derecho Penal Parte General de la Facultad de Derecho de la UNNE e intervino como moderadora Mar\u00eda Fernanda Abraham, fiscal de Investigaci\u00f3n N\u00ba 9 de Resistencia.<\/p>\n\n\n\n<p>Durante el desarrollo del panel estuvieron presentes el procurador general, Jorge Canteros; la defensora general, Alicia Alcal\u00e1, integrantes de la justicia provincial local, e integrantes de poderes judiciales y procuradores de otras provincias.<\/p>\n\n\n\n<p>Valle enfatiz\u00f3 la importancia de&nbsp; las jornadas no solo por la tem\u00e1tica elegida sino por la oportunidad: el d\u00eda internacional de la mujer ind\u00edgena y en el a\u00f1o&nbsp; que se cumplen 30 a\u00f1os de la reforma constitucional del 94 y 40 a\u00f1os&nbsp; de la CEDAW.<\/p>\n\n\n\n<p>Destac\u00f3 la importancia de la institucionalizacion de la perspectiva de g\u00e9nero en los 3 poderes del estado, lo que permiti\u00f3 el avance en pol\u00edticas p\u00fablicas integrales. Resalt\u00f3 el rol del poder judicial que&nbsp; constituye &#8220;la primera l\u00ednea de defensa de los derechos humanos a nivel nacional&#8221; y enfatiz\u00f3 que &#8220;en todas las instancias y fueros se est\u00e1 aplicando adecuadamente la perspectiva de g\u00e9nero&#8221;.<\/p>\n\n\n\n<p>En ese sentido explic\u00f3 la importancia de &#8220;calificar bien los hechos para evitar la revictimizaci\u00f3n en la esfera institucional&#8221; y repas\u00f3 las sentencias emitidas por la Sala Penal del Superior Tribunal de Justicia en las que aplic\u00f3 perspectiva de g\u00e9nero.<\/p>\n\n\n\n<p>Por \u00faltimo, consider\u00f3 que &#8220;venimos dando pasos muy importantes en el camino de la igualdad y la perspectiva de g\u00e9nero&#8221; pero que &#8220;todav\u00eda queda mucho por hacer para corregir y erradicar las desventajas hist\u00f3ricas, desigualdades estructurales y asimetr\u00edas de poder&#8221;.<\/p>\n\n\n\n<p>A su turno, Llanes Ocampos explic\u00f3 los avances y logros en materia de g\u00e9nero y lucha contra la violencia hacia la mujer que encara la Corte Suprema de Justicia de Paraguay. Enumer\u00f3 los cambios en las leyes dados en los \u00faltimos tiempos y los objetivos a futuro.<\/p>\n\n\n\n<p>En tanto que Leguizam\u00f3n analiz\u00f3 el impacto de la pol\u00edtica criminal en las mujeres, la necesidad de investigar sin sesgos discriminatorios y el modo en que incide de manera &#8220;diferencial&#8221; el encierro en relaci\u00f3n a mujeres.<\/p>\n","protected":false},"excerpt":{"rendered":"<p>La jueza del Superior Tribunal de Justicia Emilia Mar\u00eda Valle expuso en el panel &#8220;Abordaje con perspectiva de g\u00e9nero en casos de mujeres imputadas&#8221; en el marco de las d\u00e9cimo segundas jornadas internacionales de violencia de g\u00e9nero y delitos conexos. La actividad tiene lugar en el Centro de Convenciones Gala bajo la consigna &#8220;construyendo buenas [&hellip;]<\/p>\n","protected":false},"author":2,"featured_media":1728,"comment_status":"open","ping_status":"open","sticky":false,"template":"","format":"standard","meta":{"footnotes":""},"categories":[28],"tags":[],"class_list":{"0":"post-1727","1":"post","2":"type-post","3":"status-publish","4":"format-standard","5":"has-post-thumbnail","7":"category-locales"},"aioseo_notices":[],"_links":{"self":[{"href":"https:\/\/lalupa24.com.ar\/index.php\/wp-json\/wp\/v2\/posts\/1727","targetHints":{"allow":["GET"]}}],"collection":[{"href":"https:\/\/lalupa24.com.ar\/index.php\/wp-json\/wp\/v2\/posts"}],"about":[{"href":"https:\/\/lalupa24.com.ar\/index.php\/wp-json\/wp\/v2\/types\/post"}],"author":[{"embeddable":true,"href":"https:\/\/lalupa24.com.ar\/index.php\/wp-json\/wp\/v2\/users\/2"}],"replies":[{"embeddable":true,"href":"https:\/\/lalupa24.com.ar\/index.php\/wp-json\/wp\/v2\/comments?post=1727"}],"version-history":[{"count":1,"href":"https:\/\/lalupa24.com.ar\/index.php\/wp-json\/wp\/v2\/posts\/1727\/revisions"}],"predecessor-version":[{"id":1729,"href":"https:\/\/lalupa24.com.ar\/index.php\/wp-json\/wp\/v2\/posts\/1727\/revisions\/1729"}],"wp:featuredmedia":[{"embeddable":true,"href":"https:\/\/lalupa24.com.ar\/index.php\/wp-json\/wp\/v2\/media\/1728"}],"wp:attachment":[{"href":"https:\/\/lalupa24.com.ar\/index.php\/wp-json\/wp\/v2\/media?parent=1727"}],"wp:term":[{"taxonomy":"category","embeddable":true,"href":"https:\/\/lalupa24.com.ar\/index.php\/wp-json\/wp\/v2\/categories?post=1727"},{"taxonomy":"post_tag","embeddable":true,"href":"https:\/\/lalupa24.com.ar\/index.php\/wp-json\/wp\/v2\/tags?post=1727"}],"curies":[{"name":"wp","href":"https:\/\/api.w.org\/{rel}","templated":true}]}}