{"id":1733,"date":"2024-09-06T14:55:09","date_gmt":"2024-09-06T17:55:09","guid":{"rendered":"https:\/\/lalupa24.com.ar\/?p=1733"},"modified":"2024-09-07T14:57:23","modified_gmt":"2024-09-07T17:57:23","slug":"se-realizo-el-lanzamiento-oficial-del-congreso-inmobiliario-chaco-2024","status":"publish","type":"post","link":"https:\/\/lalupa24.com.ar\/index.php\/2024\/09\/06\/se-realizo-el-lanzamiento-oficial-del-congreso-inmobiliario-chaco-2024\/","title":{"rendered":"Se realiz\u00f3 el lanzamiento oficial del Congreso Inmobiliario Chaco 2024"},"content":{"rendered":"\n<p>Durante dos jornadas, empresarios del sector inmobiliario, de la construcci\u00f3n y desarrolladores de todo el pa\u00eds se reunir\u00e1n por primera vez en la provincia del Chaco, en un evento en d\u00f3nde podr\u00e1n conocer las \u00faltimas tendencias del mercado, formarse con expertos nacionales y generar alianzas para impulsar su crecimiento profesional.<\/p>\n\n\n\n<p>Desde el Colegio de Corredores Inmobiliarios del Chaco (CCICH), con el acompa\u00f1amiento de la Federaci\u00f3n Inmobiliaria de la Rep\u00fablica Argentina (FIRA), la Confederaci\u00f3n Argentina de la Mediana Empresa (CAME), la Federaci\u00f3n Econ\u00f3mica del Chaco (FECHACO) y el Gobierno de la provincia del Chaco, invitan a participar del Congreso Inmobiliario Chaco 2024, el jueves 26 y viernes 27 de septiembre, en el Centro de Convenciones Gala, ubicado en Ruta 11, KM 1003.<\/p>\n\n\n\n<p>A trav\u00e9s de una conferencia de prensa, que tuvo lugar este viernes en el Sal\u00f3n Obligado de Casa de Gobierno, que cont\u00f3 con la presencia del secretario coordinador de Gabinete del Gobierno del Chaco, Livio Guti\u00e9rrez; el presidente del Nuevo Banco del Chaco, Germ\u00e1n Dahlgren; el secretario de Econom\u00eda Municipal, Ricardo Roff\u00e9; los presidentes de FIRA, CAME, FECHACO y CCICH, Emilio Caravaca Pazos, Alfredo Gonz\u00e1lez, Ernesto Scaglia y Sergio Centuri\u00f3n respectivamente; y empresarios locales lanzaron oficialmente el evento de gran relevancia para el sector inmobiliario.<\/p>\n\n\n\n<p>\u201cLa organizaci\u00f3n de este evento es fruto de un constante trabajo del CCICH, tanto a nivel provincial como nacional, dado que la instituci\u00f3n forma parte de la Federaci\u00f3n Inmobiliaria de la Rep\u00fablica Argentina (FIRA), cuya entidad actualmente est\u00e1 presidida por el empresario chaque\u00f1o Caravaca Pazos, y en la que, cabe mencionar, que se prev\u00e9 una reuni\u00f3n de Comisi\u00f3n Directiva de FIRA durante el evento\u201d, expres\u00f3 Centuri\u00f3n.<\/p>\n\n\n\n<p>En ese marco, explic\u00f3 que se trata de un encuentro nacional que est\u00e1 destinado para todos los que formen parte del ecosistema inmobiliario, como lo son constructores, desarrolladores, empresarios, inversores, analistas, estudiantes, consumidores y p\u00fablico en general.<\/p>\n\n\n\n<p>Expo y conferencistas nacionales<\/p>\n\n\n\n<p>Por otra parte, en la rueda de prensa detallaron que en el Congreso est\u00e1 previsto llevar adelante m\u00e1s de 20 conferencias, varias de las cuales estar\u00e1n a cargo de destacados oradores nacionales, como lo son el economista Esteban Domecq, el Lic. Mario G\u00f3mez, la Ing. Mariana Stange, el Arq. Alvaro Garc\u00eda Resta, entre otros.<\/p>\n\n\n\n<p>De forma paralela, empresas del sector inmobiliario y de los desarrollos formar\u00e1n parte de una expo en donde mostrar\u00e1n servicios, productos, proyectar tendencias y expectativas, y al mismo tiempo, podr\u00e1n realizar networking para crear alianzas, potenciar sus negocios y reunirse -por primera vez en el Chaco- con corredores inmobiliarios de todo el pa\u00eds en un s\u00f3lo lugar.<\/p>\n\n\n\n<p>Informes e inscripci\u00f3n<\/p>\n\n\n\n<p>El evento, que prev\u00e9 la participaci\u00f3n de m\u00e1s de 500 empresarios pymes, es arancelado y requiere inscripci\u00f3n en el siguiente link: www.colegioinmobiliariochaco.com<\/p>\n\n\n\n<p>Para aquellas empresas interesadas en contar con m\u00e1s informaci\u00f3n, dirigirse al celular 3624-748690; o al Instagram: @colegioinmobiliariochaco<\/p>\n","protected":false},"excerpt":{"rendered":"<p>Durante dos jornadas, empresarios del sector inmobiliario, de la construcci\u00f3n y desarrolladores de todo el pa\u00eds se reunir\u00e1n por primera vez en la provincia del Chaco, en un evento en d\u00f3nde podr\u00e1n conocer las \u00faltimas tendencias del mercado, formarse con expertos nacionales y generar alianzas para impulsar su crecimiento profesional. Desde el Colegio de Corredores [&hellip;]<\/p>\n","protected":false},"author":2,"featured_media":1734,"comment_status":"open","ping_status":"open","sticky":false,"template":"","format":"standard","meta":{"footnotes":""},"categories":[28],"tags":[],"class_list":{"0":"post-1733","1":"post","2":"type-post","3":"status-publish","4":"format-standard","5":"has-post-thumbnail","7":"category-locales"},"aioseo_notices":[],"_links":{"self":[{"href":"https:\/\/lalupa24.com.ar\/index.php\/wp-json\/wp\/v2\/posts\/1733","targetHints":{"allow":["GET"]}}],"collection":[{"href":"https:\/\/lalupa24.com.ar\/index.php\/wp-json\/wp\/v2\/posts"}],"about":[{"href":"https:\/\/lalupa24.com.ar\/index.php\/wp-json\/wp\/v2\/types\/post"}],"author":[{"embeddable":true,"href":"https:\/\/lalupa24.com.ar\/index.php\/wp-json\/wp\/v2\/users\/2"}],"replies":[{"embeddable":true,"href":"https:\/\/lalupa24.com.ar\/index.php\/wp-json\/wp\/v2\/comments?post=1733"}],"version-history":[{"count":1,"href":"https:\/\/lalupa24.com.ar\/index.php\/wp-json\/wp\/v2\/posts\/1733\/revisions"}],"predecessor-version":[{"id":1735,"href":"https:\/\/lalupa24.com.ar\/index.php\/wp-json\/wp\/v2\/posts\/1733\/revisions\/1735"}],"wp:featuredmedia":[{"embeddable":true,"href":"https:\/\/lalupa24.com.ar\/index.php\/wp-json\/wp\/v2\/media\/1734"}],"wp:attachment":[{"href":"https:\/\/lalupa24.com.ar\/index.php\/wp-json\/wp\/v2\/media?parent=1733"}],"wp:term":[{"taxonomy":"category","embeddable":true,"href":"https:\/\/lalupa24.com.ar\/index.php\/wp-json\/wp\/v2\/categories?post=1733"},{"taxonomy":"post_tag","embeddable":true,"href":"https:\/\/lalupa24.com.ar\/index.php\/wp-json\/wp\/v2\/tags?post=1733"}],"curies":[{"name":"wp","href":"https:\/\/api.w.org\/{rel}","templated":true}]}}