{"id":17346,"date":"2026-03-12T13:15:07","date_gmt":"2026-03-12T16:15:07","guid":{"rendered":"https:\/\/lalupa24.com.ar\/?p=17346"},"modified":"2026-03-17T13:16:37","modified_gmt":"2026-03-17T16:16:37","slug":"chaco-inicio-el-ciclo-lectivo-del-nivel-secundario-en-toda-la-provincia","status":"publish","type":"post","link":"https:\/\/lalupa24.com.ar\/index.php\/2026\/03\/12\/chaco-inicio-el-ciclo-lectivo-del-nivel-secundario-en-toda-la-provincia\/","title":{"rendered":"Chaco inici\u00f3 el ciclo lectivo del nivel secundario en toda la provincia"},"content":{"rendered":"\n<h4 class=\"wp-block-heading\"><\/h4>\n\n\n\n<p>En el acto central de la Escuela de Educaci\u00f3n Secundaria (EES) N\u00b0 89 &#8220;Francisco Ram\u00edrez&#8221; de Cote Lai estuvo presente el ministro de Gobierno, Justicia, Trabajo y Derechos Humanos, Julio Ferro; el intendente de Cote Lai, Anselmo Bord\u00f3n; las subsecretarias de Descentralizaci\u00f3n Educativa, Marta Fassano, de Infraestructura Escolar, Rosana Cerrutti, y de Ciencia y Tecnolog\u00eda, Claudia Pilar; la subsecretaria del Ministerio de Desarrollo Humano, Viviana Garcia. Adem\u00e1s, la directora general de Gesti\u00f3n Educativa, Mirta Candia; y la directora de la Regional Educativa 10 C, Miriam G\u00f3mez; entre otras autoridades provinciales y municipales.<br>En representaci\u00f3n del gobernador Leandro Zdero y de la ministra de Educaci\u00f3n, Sof\u00eda Naidenoff, la subsecretaria de Descentralizaci\u00f3n Educativa, Marta Fassano, transmiti\u00f3 el saludo del Gobierno provincial y dese\u00f3 un buen inicio de clases a toda la comunidad educativa del nivel secundario. Al respecto, reconoci\u00f3 que el comienzo de clases &#8220;trae sue\u00f1os y expectativas&#8221;, y subray\u00f3 la &#8220;necesidad de revertir la baja calidad educativa en el Chaco&#8221; para que &#8220;la provincia ocupe el lugar que merece a nivel nacional&#8221;.<br>Fassano destac\u00f3 tambi\u00e9n que el Ministerio de Educaci\u00f3n, siguiendo directivas del Gobernador, ha completado la tarea de ordenamiento logrando la titularizaci\u00f3n de todos los docentes interinos del nivel Secundario, asegurando &#8220;estabilidad y sentido de pertenencia&#8221;. Asimismo, asegur\u00f3 que se podr\u00e1 avanzar en la regularizaci\u00f3n de los concursos docentes y de ascenso de jerarqu\u00eda.<br>Entre las pol\u00edticas p\u00fablicas para garantizar el normal desarrollo de clases, la subsecretaria se\u00f1al\u00f3 que cada director de escuela tiene acreditado este jueves el Fondo de Insumos Escolares, que puede cobrar a trav\u00e9s de la tarjeta TUYA, as\u00ed como los elementos de limpieza para el mantenimiento de los establecimientos ya est\u00e1n en circuito administrativo para todas las instituciones del Chaco.<br>En ese marco, pidi\u00f3 a los padres y dem\u00e1s familiares de los estudiantes que acompa\u00f1en a sus hijos para &#8220;formar ciudadanos cr\u00edticos que puedan decidir el futuro de la provincia y el pa\u00eds&#8221;.<br>Por \u00faltimo, Fassano anunci\u00f3 que, a partir de este ciclo lectivo, Cote Lai contar\u00e1 con la carrera del Profesorado de Nivel Inicial, &#8220;gracias a la gesti\u00f3n ante el gobernador Zdero&#8221;.\u00a0<br>El intendente de Cote Lai, Anselmo Bord\u00f3n, expres\u00f3 su agradecimiento a las autoridades presentes que eligieron esta instituci\u00f3n para hacer el inicio del Ciclo Lectivo de Nivel Secundario. &#8220;Gracias a las autoridades del Ministerio de Educaci\u00f3n, a todas las autoridades del gobierno que nos acompa\u00f1an, a los intendentes, colegas que me acompa\u00f1an de Basail y Las Palmas; much\u00edsimas gracias a toda la comunidad por hacerse presente en este momento tan especial&#8221;.\u00a0 Dese\u00f3 a los chicos que inician el ciclo, que &#8220;sea un a\u00f1o de mucho beneficio, de mucho estudio y que puedan desarrollarse para poder desenvolverse en su vida diaria&#8221;.<br>Por su parte el director de la EES N\u00b0 89, Lucio Juli\u00e1n Arriola agradeci\u00f3 la presencia de autoridades provinciales, del intendente y de la comunidad de Cote Lai. Enfatiz\u00f3 que &#8220;esta escuela tiene abiertas las puertas&#8221; para recibir a los estudiantes &#8220;con entusiasmo&#8221; y &#8220;esperanza&#8221;; y habl\u00e1ndoles a los ingresantes de primer a\u00f1o, dijo: &#8220;ac\u00e1 tienen un lugar de aprendizaje para crecer, hacer amigos y descubrir qui\u00e9nes son&#8221;.<br>Valor\u00f3 &#8220;la confianza de las familias&#8221;, destacando que la escuela y la familia deben trabajar juntas como un equipo para apoyar a los estudiantes. En ese sentido, reafirm\u00f3 el compromiso institucional de ofrecer una educaci\u00f3n de calidad, inclusiva y transformadora.<\/p>\n\n\n\n<p><strong>Jornada de sensibilizaci\u00f3n<br><\/strong>Tal como estaba previsto en el Calendario Escolar, este jueves los ingresantes a primer a\u00f1o tuvieron la primera jornada de sensibilizaci\u00f3n, con el acompa\u00f1amiento de los tutores y de familiares, docentes, donde se generaron talleres y charlas de aproximaci\u00f3n a la vida de la educaci\u00f3n secundaria.<br>En la oportunidad, la directora de la Escuela de Educaci\u00f3n T\u00e9cnica (EET) N\u00b024 \u201cSim\u00f3n de Iriondo\u201d de Resistencia, Mirta Medina, expres\u00f3: \u201cRecibimos este d\u00eda a los pap\u00e1s ansiosos y a nuestros alumnos. Nos sentimos como escuela muy gratificados, porque nos siguen eligiendo como instituci\u00f3n educativa, es importante saber que estamos haciendo lo correcto, vamos por el buen camino y queremos seguir apostando por m\u00e1s\u201d.<br>Por su parte, el director de la Regional Educativa 10 A y 10 B de Resistencia, Manuel Acevedo, quien acompa\u00f1o a varias comunidades educativas durante este inicio manifest\u00f3: \u201cEstamos acompa\u00f1ando a toda la comunidad educativa. En todo el Chaco est\u00e1 iniciando este ciclo lectivo y tenemos dos d\u00edas de trabajo con el primer a\u00f1o, que busca acompa\u00f1ar, sensibilizar, ir mostrando c\u00f3mo se trabaja en este nuevo nivel\u201d. \u201cLes deseo el mayor de los \u00e9xitos a todos los chicos y todas las familias, y que tengamos un 2026 muy pleno\u201d, expres\u00f3.&nbsp;<\/p>\n\n\n\n<p><strong>La Voz de los protagonistas<br><\/strong>Franco Fern\u00e1ndez Soto, alumno ingresante a primer a\u00f1o de la EET N\u00b0 24, dijo: \u201cLo que siento al estar ac\u00e1 es impresionante, es muy lindo porque me requiri\u00f3 mucho esfuerzo y preparaci\u00f3n, se que aqu\u00ed vamos a aprender m\u00e1s cosas. Estoy muy contento de venir a esta escuela\u201d.<br>Mar\u00eda Florencia Campos, mam\u00e1 de una estudiante ingresante, coment\u00f3, \u201cesta es mi segunda hija que ingresa a esta escuela, es importante para ellos porque son 6 a\u00f1os, forman familia, es demasiado esfuerzo\u201d. \u201cTodos los esfuerzos tienen recompensa, saben lo complicado que puede ser entrar a la instituci\u00f3n y sin embargo se propusieron el objetivo de entrar y este es el resultado\u201d, destac\u00f3. &nbsp;<br>La directora de Nivel Secundario, Elizabeth Salto y el director de la Regional 10 A y B, Manuel Acevedo acompa\u00f1aron tambi\u00e9n este jueves a la tarde el acto de comienzo de clases del primer a\u00f1o de la EES N\u00b0 87 &#8220;Normal Sarmiento&#8221; de Resistencia.&nbsp;<br>Al destacar los lineamientos de la pol\u00edtica educativa en marcha, Salto ratific\u00f3 que este a\u00f1o las escuelas secundarias que &#8220;est\u00e1n en plena transformaci\u00f3n educativa&#8221; fortalecer\u00e1n el acompa\u00f1amiento a las trayectorias escolares de los estudiantes, a trav\u00e9s de la alfabetizaci\u00f3n en Lengua y Matem\u00e1tica.&nbsp;<br>La referente Educativa valor\u00f3 el acompa\u00f1amiento de las familias e inst\u00f3 a que puedan seguir de cerca este camino para que cada joven pueda forjarse una profesi\u00f3n , una buena inserci\u00f3n al mundo del trabajo , y que especialmente esta Escuela Secundaria pueda ser el lugar en el que desarrollen valores y aptitudes para la vida.<br>Se\u00f1al\u00f3 que desde el Gobierno del Chaco se trabaja con el compromiso y la convicci\u00f3n de que tenemos que caminar juntos hacia adelante: por eso contin\u00faan las capacitaciones docentes espec\u00edficas para afianzar el liderazgo educativo, as\u00ed como trabajar los proyectos educativos comunitarios donde el eje central es el bienestar del estudiante, para que planifique su futuro.<\/p>\n","protected":false},"excerpt":{"rendered":"<p>En el acto central de la Escuela de Educaci\u00f3n Secundaria (EES) N\u00b0 89 &#8220;Francisco Ram\u00edrez&#8221; de Cote Lai estuvo presente el ministro de Gobierno, Justicia, Trabajo y Derechos Humanos, Julio Ferro; el intendente de Cote Lai, Anselmo Bord\u00f3n; las subsecretarias de Descentralizaci\u00f3n Educativa, Marta Fassano, de Infraestructura Escolar, Rosana Cerrutti, y de Ciencia y Tecnolog\u00eda, [&hellip;]<\/p>\n","protected":false},"author":2,"featured_media":17347,"comment_status":"open","ping_status":"open","sticky":false,"template":"","format":"standard","meta":{"footnotes":""},"categories":[28],"tags":[],"class_list":{"0":"post-17346","1":"post","2":"type-post","3":"status-publish","4":"format-standard","5":"has-post-thumbnail","7":"category-locales"},"aioseo_notices":[],"_links":{"self":[{"href":"https:\/\/lalupa24.com.ar\/index.php\/wp-json\/wp\/v2\/posts\/17346","targetHints":{"allow":["GET"]}}],"collection":[{"href":"https:\/\/lalupa24.com.ar\/index.php\/wp-json\/wp\/v2\/posts"}],"about":[{"href":"https:\/\/lalupa24.com.ar\/index.php\/wp-json\/wp\/v2\/types\/post"}],"author":[{"embeddable":true,"href":"https:\/\/lalupa24.com.ar\/index.php\/wp-json\/wp\/v2\/users\/2"}],"replies":[{"embeddable":true,"href":"https:\/\/lalupa24.com.ar\/index.php\/wp-json\/wp\/v2\/comments?post=17346"}],"version-history":[{"count":1,"href":"https:\/\/lalupa24.com.ar\/index.php\/wp-json\/wp\/v2\/posts\/17346\/revisions"}],"predecessor-version":[{"id":17348,"href":"https:\/\/lalupa24.com.ar\/index.php\/wp-json\/wp\/v2\/posts\/17346\/revisions\/17348"}],"wp:featuredmedia":[{"embeddable":true,"href":"https:\/\/lalupa24.com.ar\/index.php\/wp-json\/wp\/v2\/media\/17347"}],"wp:attachment":[{"href":"https:\/\/lalupa24.com.ar\/index.php\/wp-json\/wp\/v2\/media?parent=17346"}],"wp:term":[{"taxonomy":"category","embeddable":true,"href":"https:\/\/lalupa24.com.ar\/index.php\/wp-json\/wp\/v2\/categories?post=17346"},{"taxonomy":"post_tag","embeddable":true,"href":"https:\/\/lalupa24.com.ar\/index.php\/wp-json\/wp\/v2\/tags?post=17346"}],"curies":[{"name":"wp","href":"https:\/\/api.w.org\/{rel}","templated":true}]}}