{"id":1742,"date":"2024-09-07T17:14:23","date_gmt":"2024-09-07T20:14:23","guid":{"rendered":"https:\/\/lalupa24.com.ar\/?p=1742"},"modified":"2024-09-07T17:18:16","modified_gmt":"2024-09-07T20:18:16","slug":"finalizo-la-capacitacion-regional-de-huertas-en-zona-vi","status":"publish","type":"post","link":"https:\/\/lalupa24.com.ar\/index.php\/2024\/09\/07\/finalizo-la-capacitacion-regional-de-huertas-en-zona-vi\/","title":{"rendered":"Finalizo\u00a0 la capacitaci\u00f3n regional de huertas en zona VI"},"content":{"rendered":"\n<p>En el Lote 8 de la Localidad de Leonesa se llev\u00f3 adelante la \u00faltima jornada de capacitaci\u00f3n en modalidad pr\u00e1ctica, impulsada desde la Subsecretaria de Econom\u00eda para el Desarrollo dependiente del Ministerio de Desarrollo Humano, a trav\u00e9s del Programa Comencemos Juntos con el objetivo de brindar aprendizaje y formaci\u00f3n a emprendedores y peque\u00f1os productores en diferentes rubros de oficios.<\/p>\n\n\n\n<p>Una vez culminada la cursada, esta semana, se realiz\u00f3 la entrega a las personas que participaron de la misma.<\/p>\n\n\n\n<p>La Subsecretaria Martha Viviana Garc\u00eda destac\u00f3: \u201cEs el logro de un trabajo mancomunado y de gran importancia para los peque\u00f1os productores, instituciones y comedores de la regi\u00f3n en la producci\u00f3n de alimentos saludables, que llegan a la mesa de cada chaque\u00f1o, por eso impulsaremos esta actividad en toda la provincia, a trav\u00e9s de coordinaci\u00f3n con actores p\u00fablicos de cada sector de nuestro territorio provincial\u201d.&nbsp;<\/p>\n\n\n\n<p>Estuvieron presentes y acompa\u00f1aron la jornada el Sr Intendente de la Localidad de Las Palmas, V\u00edctor Armella, T\u00e9cnicos del AER INTA de Las Palmas, Facilitadores del Programa \u00d1achec.<\/p>\n","protected":false},"excerpt":{"rendered":"<p>En el Lote 8 de la Localidad de Leonesa se llev\u00f3 adelante la \u00faltima jornada de capacitaci\u00f3n en modalidad pr\u00e1ctica, impulsada desde la Subsecretaria de Econom\u00eda para el Desarrollo dependiente del Ministerio de Desarrollo Humano, a trav\u00e9s del Programa Comencemos Juntos con el objetivo de brindar aprendizaje y formaci\u00f3n a emprendedores y peque\u00f1os productores en [&hellip;]<\/p>\n","protected":false},"author":2,"featured_media":1743,"comment_status":"open","ping_status":"open","sticky":false,"template":"","format":"standard","meta":{"footnotes":""},"categories":[27],"tags":[],"class_list":{"0":"post-1742","1":"post","2":"type-post","3":"status-publish","4":"format-standard","5":"has-post-thumbnail","7":"category-interior"},"aioseo_notices":[],"_links":{"self":[{"href":"https:\/\/lalupa24.com.ar\/index.php\/wp-json\/wp\/v2\/posts\/1742","targetHints":{"allow":["GET"]}}],"collection":[{"href":"https:\/\/lalupa24.com.ar\/index.php\/wp-json\/wp\/v2\/posts"}],"about":[{"href":"https:\/\/lalupa24.com.ar\/index.php\/wp-json\/wp\/v2\/types\/post"}],"author":[{"embeddable":true,"href":"https:\/\/lalupa24.com.ar\/index.php\/wp-json\/wp\/v2\/users\/2"}],"replies":[{"embeddable":true,"href":"https:\/\/lalupa24.com.ar\/index.php\/wp-json\/wp\/v2\/comments?post=1742"}],"version-history":[{"count":1,"href":"https:\/\/lalupa24.com.ar\/index.php\/wp-json\/wp\/v2\/posts\/1742\/revisions"}],"predecessor-version":[{"id":1744,"href":"https:\/\/lalupa24.com.ar\/index.php\/wp-json\/wp\/v2\/posts\/1742\/revisions\/1744"}],"wp:featuredmedia":[{"embeddable":true,"href":"https:\/\/lalupa24.com.ar\/index.php\/wp-json\/wp\/v2\/media\/1743"}],"wp:attachment":[{"href":"https:\/\/lalupa24.com.ar\/index.php\/wp-json\/wp\/v2\/media?parent=1742"}],"wp:term":[{"taxonomy":"category","embeddable":true,"href":"https:\/\/lalupa24.com.ar\/index.php\/wp-json\/wp\/v2\/categories?post=1742"},{"taxonomy":"post_tag","embeddable":true,"href":"https:\/\/lalupa24.com.ar\/index.php\/wp-json\/wp\/v2\/tags?post=1742"}],"curies":[{"name":"wp","href":"https:\/\/api.w.org\/{rel}","templated":true}]}}