{"id":17584,"date":"2026-03-26T09:49:28","date_gmt":"2026-03-26T12:49:28","guid":{"rendered":"https:\/\/lalupa24.com.ar\/?p=17584"},"modified":"2026-04-06T09:49:59","modified_gmt":"2026-04-06T12:49:59","slug":"el-impenetrable-abre-su-temporada-turistica-con-una-propuesta-que-impulsa-el-desarrollo-sostenible","status":"publish","type":"post","link":"https:\/\/lalupa24.com.ar\/index.php\/2026\/03\/26\/el-impenetrable-abre-su-temporada-turistica-con-una-propuesta-que-impulsa-el-desarrollo-sostenible\/","title":{"rendered":"EL IMPENETRABLE ABRE SU TEMPORADA TUR\u00cdSTICA CON UNA PROPUESTA QUE IMPULSA EL DESARROLLO SOSTENIBLE"},"content":{"rendered":"\n<p>El Gobierno del Chaco, a trav\u00e9s del Instituto de Turismo, invita a la comunidad a participar de la Apertura de la Temporada Tur\u00edstica de El Impenetrable, que se realizar\u00e1 este s\u00e1bado 28 de marzo, a partir de las 17, en el Parque de la Democracia (Av. Sarmiento 2200).<\/p>\n\n\n\n<p>El evento marcar\u00e1 el inicio oficial de la temporada que se extiende de abril a octubre, considerada la mejor \u00e9poca para visitar este destino emblem\u00e1tico del norte argentino por sus condiciones clim\u00e1ticas y su riqueza natural.<br>La iniciativa forma parte de una estrategia integral que posiciona al turismo como motor de desarrollo econ\u00f3mico, generaci\u00f3n de empleo y fortalecimiento de las econom\u00edas regionales, en l\u00ednea con los ejes de gesti\u00f3n del gobernador Leandro Zdero.<br>En este sentido, la apertura se realiza en la antesala de Semana Santa, uno de los per\u00edodos de mayor movimiento tur\u00edstico del pa\u00eds, lo que permite potenciar la promoci\u00f3n del destino y fomentar la planificaci\u00f3n anticipada de viajes hacia la regi\u00f3n.<br>El Parque Nacional El Impenetrable, con m\u00e1s de 128 mil hect\u00e1reas de bosque nativo, es uno de los principales atractivos de la provincia, destac\u00e1ndose por su biodiversidad y la presencia de especies emblem\u00e1ticas como el yaguaret\u00e9, el tat\u00fa carreta, el tapir y el oso hormiguero gigante.<br>A su vez, el destino se consolida por el protagonismo de las comunidades locales, que ofrecen experiencias tur\u00edsticas aut\u00e9nticas vinculadas a la cultura, las tradiciones y el contacto con la naturaleza, bajo un enfoque de sostenibilidad.<br>Durante 2025, la actividad tur\u00edstica en la regi\u00f3n mostr\u00f3 un crecimiento significativo, con m\u00e1s de 3.900 visitantes, de los cuales m\u00e1s de 2.100 contrataron servicios brindados por comunidades locales. Este movimiento gener\u00f3 un impacto econ\u00f3mico superior a los 425 millones de pesos y permiti\u00f3 que 242 personas accedan a ingresos vinculados al turismo. Adem\u00e1s, se desarrollaron 78 instancias de capacitaci\u00f3n con la participaci\u00f3n de 1.176 personas.<br>Actualmente, m\u00e1s de 670 familias encuentran en el turismo una fuente genuina de ingresos, consolidando una cadena de valor que fortalece el desarrollo local y el arraigo.<br>La regi\u00f3n de El Impenetrable, integrada por localidades como Juan Jos\u00e9 Castelli, Villa R\u00edo Bermejito, Miraflores, El Espinillo, Tres Isletas, Misi\u00f3n Nueva Pompeya, El Sauzalito y Fuerte Esperanza, contin\u00faa posicion\u00e1ndose como un destino en crecimiento dentro del mapa tur\u00edstico nacional.<br>La jornada de apertura ofrecer\u00e1 una amplia agenda de actividades, que incluir\u00e1 presentaciones de portales tur\u00edsticos, charlas, espacios de intercambio, participaci\u00f3n de agencias de viajes, emprendedores, artesanos y propuestas gastron\u00f3micas regionales. Tambi\u00e9n habr\u00e1 espect\u00e1culos art\u00edsticos, con la tradicional Chacarera del Monte, una obra de teatro y un desfile de modas con la colecci\u00f3n \u201cArchivo Vivo \/ Territorio que habla. Memoria que resiste\u201d, de la dise\u00f1adora Pamela B\u00e1ez<\/p>\n","protected":false},"excerpt":{"rendered":"<p>El Gobierno del Chaco, a trav\u00e9s del Instituto de Turismo, invita a la comunidad a participar de la Apertura de la Temporada Tur\u00edstica de El Impenetrable, que se realizar\u00e1 este s\u00e1bado 28 de marzo, a partir de las 17, en el Parque de la Democracia (Av. Sarmiento 2200). El evento marcar\u00e1 el inicio oficial de [&hellip;]<\/p>\n","protected":false},"author":2,"featured_media":17585,"comment_status":"open","ping_status":"open","sticky":false,"template":"","format":"standard","meta":{"footnotes":""},"categories":[27],"tags":[],"class_list":{"0":"post-17584","1":"post","2":"type-post","3":"status-publish","4":"format-standard","5":"has-post-thumbnail","7":"category-interior"},"aioseo_notices":[],"_links":{"self":[{"href":"https:\/\/lalupa24.com.ar\/index.php\/wp-json\/wp\/v2\/posts\/17584","targetHints":{"allow":["GET"]}}],"collection":[{"href":"https:\/\/lalupa24.com.ar\/index.php\/wp-json\/wp\/v2\/posts"}],"about":[{"href":"https:\/\/lalupa24.com.ar\/index.php\/wp-json\/wp\/v2\/types\/post"}],"author":[{"embeddable":true,"href":"https:\/\/lalupa24.com.ar\/index.php\/wp-json\/wp\/v2\/users\/2"}],"replies":[{"embeddable":true,"href":"https:\/\/lalupa24.com.ar\/index.php\/wp-json\/wp\/v2\/comments?post=17584"}],"version-history":[{"count":1,"href":"https:\/\/lalupa24.com.ar\/index.php\/wp-json\/wp\/v2\/posts\/17584\/revisions"}],"predecessor-version":[{"id":17586,"href":"https:\/\/lalupa24.com.ar\/index.php\/wp-json\/wp\/v2\/posts\/17584\/revisions\/17586"}],"wp:featuredmedia":[{"embeddable":true,"href":"https:\/\/lalupa24.com.ar\/index.php\/wp-json\/wp\/v2\/media\/17585"}],"wp:attachment":[{"href":"https:\/\/lalupa24.com.ar\/index.php\/wp-json\/wp\/v2\/media?parent=17584"}],"wp:term":[{"taxonomy":"category","embeddable":true,"href":"https:\/\/lalupa24.com.ar\/index.php\/wp-json\/wp\/v2\/categories?post=17584"},{"taxonomy":"post_tag","embeddable":true,"href":"https:\/\/lalupa24.com.ar\/index.php\/wp-json\/wp\/v2\/tags?post=17584"}],"curies":[{"name":"wp","href":"https:\/\/api.w.org\/{rel}","templated":true}]}}