{"id":17611,"date":"2026-03-27T10:04:03","date_gmt":"2026-03-27T13:04:03","guid":{"rendered":"https:\/\/lalupa24.com.ar\/?p=17611"},"modified":"2026-04-06T10:05:11","modified_gmt":"2026-04-06T13:05:11","slug":"zdero-recibio-a-intendentes-y-fortalece-el-trabajo-articulado-con-los-municipios","status":"publish","type":"post","link":"https:\/\/lalupa24.com.ar\/index.php\/2026\/03\/27\/zdero-recibio-a-intendentes-y-fortalece-el-trabajo-articulado-con-los-municipios\/","title":{"rendered":"ZDERO RECIBI\u00d3 A INTENDENTES Y FORTALECE EL TRABAJO ARTICULADO CON LOS MUNICIPIOS"},"content":{"rendered":"\n<h4 class=\"wp-block-heading\"><\/h4>\n\n\n\n<p>Durante los encuentros, el mandatario provincial recibi\u00f3 a jefes comunales para abordar demandas puntuales de cada comunidad, coordinar acciones conjuntas y avanzar en una agenda de gesti\u00f3n basada en el esfuerzo compartido y la cercan\u00eda con los territorios.<br>Fueron recibidos: la intendente de Tres Isletas, Marcela Duarte; el intendente de Campo Largo, Manuel Su\u00e1rez; el intendente de Makall\u00e9, Marcelo Angione; y el intendente de El Espinillo, Zen\u00f3n Cuellar.<br>Zdero, acompa\u00f1ado del secretario de Asuntos Estrat\u00e9gicos, Marcos Resico y del subsecretario de Municipio, Marcelo Barrios, destac\u00f3 adem\u00e1s la importancia de sostener este tipo de encuentros: \u201cCreemos en un Estado presente que trabaja de manera coordinada con cada municipio, escuchando las necesidades y generando respuestas concretas para mejorar la calidad de vida de los chaque\u00f1os\u201d.<br>Asimismo, remarc\u00f3 que estas reuniones permiten optimizar recursos, planificar pol\u00edticas p\u00fablicas y dar continuidad a proyectos que impactan directamente en las comunidades del interior.<br>Desde el Ejecutivo provincial se\u00f1alaron que esta din\u00e1mica de trabajo continuar\u00e1 desarroll\u00e1ndose de manera peri\u00f3dica, consolidando un esquema de gesti\u00f3n basado en el di\u00e1logo institucional, la planificaci\u00f3n conjunta y la atenci\u00f3n directa a las demandas de cada localidad.<\/p>\n","protected":false},"excerpt":{"rendered":"<p>Durante los encuentros, el mandatario provincial recibi\u00f3 a jefes comunales para abordar demandas puntuales de cada comunidad, coordinar acciones conjuntas y avanzar en una agenda de gesti\u00f3n basada en el esfuerzo compartido y la cercan\u00eda con los territorios.Fueron recibidos: la intendente de Tres Isletas, Marcela Duarte; el intendente de Campo Largo, Manuel Su\u00e1rez; el intendente [&hellip;]<\/p>\n","protected":false},"author":2,"featured_media":17612,"comment_status":"open","ping_status":"open","sticky":false,"template":"","format":"standard","meta":{"footnotes":""},"categories":[28],"tags":[],"class_list":{"0":"post-17611","1":"post","2":"type-post","3":"status-publish","4":"format-standard","5":"has-post-thumbnail","7":"category-locales"},"aioseo_notices":[],"_links":{"self":[{"href":"https:\/\/lalupa24.com.ar\/index.php\/wp-json\/wp\/v2\/posts\/17611","targetHints":{"allow":["GET"]}}],"collection":[{"href":"https:\/\/lalupa24.com.ar\/index.php\/wp-json\/wp\/v2\/posts"}],"about":[{"href":"https:\/\/lalupa24.com.ar\/index.php\/wp-json\/wp\/v2\/types\/post"}],"author":[{"embeddable":true,"href":"https:\/\/lalupa24.com.ar\/index.php\/wp-json\/wp\/v2\/users\/2"}],"replies":[{"embeddable":true,"href":"https:\/\/lalupa24.com.ar\/index.php\/wp-json\/wp\/v2\/comments?post=17611"}],"version-history":[{"count":1,"href":"https:\/\/lalupa24.com.ar\/index.php\/wp-json\/wp\/v2\/posts\/17611\/revisions"}],"predecessor-version":[{"id":17613,"href":"https:\/\/lalupa24.com.ar\/index.php\/wp-json\/wp\/v2\/posts\/17611\/revisions\/17613"}],"wp:featuredmedia":[{"embeddable":true,"href":"https:\/\/lalupa24.com.ar\/index.php\/wp-json\/wp\/v2\/media\/17612"}],"wp:attachment":[{"href":"https:\/\/lalupa24.com.ar\/index.php\/wp-json\/wp\/v2\/media?parent=17611"}],"wp:term":[{"taxonomy":"category","embeddable":true,"href":"https:\/\/lalupa24.com.ar\/index.php\/wp-json\/wp\/v2\/categories?post=17611"},{"taxonomy":"post_tag","embeddable":true,"href":"https:\/\/lalupa24.com.ar\/index.php\/wp-json\/wp\/v2\/tags?post=17611"}],"curies":[{"name":"wp","href":"https:\/\/api.w.org\/{rel}","templated":true}]}}