{"id":17644,"date":"2026-03-30T11:08:55","date_gmt":"2026-03-30T14:08:55","guid":{"rendered":"https:\/\/lalupa24.com.ar\/?p=17644"},"modified":"2026-04-06T11:09:29","modified_gmt":"2026-04-06T14:09:29","slug":"complejo-cultural-guido-miranda-agenda-de-abril-con-propuestas-locales-nacionales-e-internacionales","status":"publish","type":"post","link":"https:\/\/lalupa24.com.ar\/index.php\/2026\/03\/30\/complejo-cultural-guido-miranda-agenda-de-abril-con-propuestas-locales-nacionales-e-internacionales\/","title":{"rendered":"COMPLEJO CULTURAL GUIDO MIRANDA: AGENDA DE ABRIL CON PROPUESTAS LOCALES, NACIONALES E INTERNACIONALES"},"content":{"rendered":"\n<h4 class=\"wp-block-heading\"><\/h4>\n\n\n\n<p>Este lunes, el Instituto de Cultura junto al Complejo Cultural Guido Miranda presentaron la agenda de actividades de abril del Complejo Cultural Guido Miranda, que contar\u00e1 con una variada programaci\u00f3n de espect\u00e1culos locales, nacionales e internacionales.<br>El anuncio fue encabezado por el presidente del organismo, Mario Zorrilla, junto a la directora del complejo, Sandra Sisti, quienes adem\u00e1s adelantaron algunos de los eventos m\u00e1s importantes previstos para el resto del a\u00f1o.<br>Durante la presentaci\u00f3n, Zorrilla destac\u00f3 que la planificaci\u00f3n cultural tiene como eje central el fortalecimiento de las compa\u00f1\u00edas teatrales del Nordeste, a trav\u00e9s de ciclos como A\u00edda Berton y Poen Alarc\u00f3n, combinados con producciones nacionales y propuestas locales.<br>Entre los espect\u00e1culos m\u00e1s destacados de abril se encuentra la obra La Ballena, protagonizada por el reconocido actor Julio Ch\u00e1vez, que se presentar\u00e1 el domingo 19 a las 20.30. Tambi\u00e9n se anunciaron presentaciones de figuras de renombre como Elena Roger y Hern\u00e1n Piqu\u00edn.<br>En el plano musical, la agenda se ampliar\u00e1 a lo largo del a\u00f1o con shows de artistas como Le\u00f3n Gieco e Iv\u00e1n Noble. Asimismo, se confirm\u00f3 la llegada por primera vez de la Orquesta Sinf\u00f3nica de Georgia, en una propuesta internacional que jerarquiza la programaci\u00f3n del complejo. \u201cEl Guido Miranda ofrece una agenda sumamente rica y valiosa, realizando un aporte significativo a la cultura de la provincia y consolid\u00e1ndose como un referente regional\u201d, expres\u00f3 Zorrilla, al invitar a la comunidad a participar de las distintas actividades.<br>Por su parte, Sisti remarc\u00f3 la impronta del espacio, que combina una programaci\u00f3n amplia con una fuerte presencia de producciones locales, incluyendo espect\u00e1culos de teatro, danza y m\u00fasica.<br>Adem\u00e1s, se destac\u00f3 el rol educativo del complejo cultural. Durante el a\u00f1o pasado, se registr\u00f3 un n\u00famero r\u00e9cord de estudiantes que visitaron el teatro por primera vez, participando de propuestas formativas que incluyen contenidos sobre el rol del espectador y el disfrute de las artes esc\u00e9nicas.<\/p>\n\n\n\n<p><strong>Informaci\u00f3n al p\u00fablico<br><\/strong>El Complejo Cultural Guido Miranda mantiene su boleter\u00eda abierta de mi\u00e9rcoles a s\u00e1bados y, en caso de funciones los domingos, tambi\u00e9n en el horario de 17 a 21. Las entradas pueden adquirirse de manera presencial, mientras que la programaci\u00f3n completa se encuentra disponible en sus redes sociales (Instagram y Facebook) y en su canal de WhatsApp<\/p>\n","protected":false},"excerpt":{"rendered":"<p>Este lunes, el Instituto de Cultura junto al Complejo Cultural Guido Miranda presentaron la agenda de actividades de abril del Complejo Cultural Guido Miranda, que contar\u00e1 con una variada programaci\u00f3n de espect\u00e1culos locales, nacionales e internacionales.El anuncio fue encabezado por el presidente del organismo, Mario Zorrilla, junto a la directora del complejo, Sandra Sisti, quienes [&hellip;]<\/p>\n","protected":false},"author":2,"featured_media":17645,"comment_status":"open","ping_status":"open","sticky":false,"template":"","format":"standard","meta":{"footnotes":""},"categories":[28],"tags":[],"class_list":{"0":"post-17644","1":"post","2":"type-post","3":"status-publish","4":"format-standard","5":"has-post-thumbnail","7":"category-locales"},"aioseo_notices":[],"_links":{"self":[{"href":"https:\/\/lalupa24.com.ar\/index.php\/wp-json\/wp\/v2\/posts\/17644","targetHints":{"allow":["GET"]}}],"collection":[{"href":"https:\/\/lalupa24.com.ar\/index.php\/wp-json\/wp\/v2\/posts"}],"about":[{"href":"https:\/\/lalupa24.com.ar\/index.php\/wp-json\/wp\/v2\/types\/post"}],"author":[{"embeddable":true,"href":"https:\/\/lalupa24.com.ar\/index.php\/wp-json\/wp\/v2\/users\/2"}],"replies":[{"embeddable":true,"href":"https:\/\/lalupa24.com.ar\/index.php\/wp-json\/wp\/v2\/comments?post=17644"}],"version-history":[{"count":1,"href":"https:\/\/lalupa24.com.ar\/index.php\/wp-json\/wp\/v2\/posts\/17644\/revisions"}],"predecessor-version":[{"id":17646,"href":"https:\/\/lalupa24.com.ar\/index.php\/wp-json\/wp\/v2\/posts\/17644\/revisions\/17646"}],"wp:featuredmedia":[{"embeddable":true,"href":"https:\/\/lalupa24.com.ar\/index.php\/wp-json\/wp\/v2\/media\/17645"}],"wp:attachment":[{"href":"https:\/\/lalupa24.com.ar\/index.php\/wp-json\/wp\/v2\/media?parent=17644"}],"wp:term":[{"taxonomy":"category","embeddable":true,"href":"https:\/\/lalupa24.com.ar\/index.php\/wp-json\/wp\/v2\/categories?post=17644"},{"taxonomy":"post_tag","embeddable":true,"href":"https:\/\/lalupa24.com.ar\/index.php\/wp-json\/wp\/v2\/tags?post=17644"}],"curies":[{"name":"wp","href":"https:\/\/api.w.org\/{rel}","templated":true}]}}