{"id":17647,"date":"2026-03-30T11:09:50","date_gmt":"2026-03-30T14:09:50","guid":{"rendered":"https:\/\/lalupa24.com.ar\/?p=17647"},"modified":"2026-04-06T11:10:22","modified_gmt":"2026-04-06T14:10:22","slug":"educacion-impulso-jornadas-en-jardines-de-infantes-para-fortalecer-la-convivencia-escolar","status":"publish","type":"post","link":"https:\/\/lalupa24.com.ar\/index.php\/2026\/03\/30\/educacion-impulso-jornadas-en-jardines-de-infantes-para-fortalecer-la-convivencia-escolar\/","title":{"rendered":"EDUCACI\u00d3N IMPULS\u00d3 JORNADAS EN JARDINES DE INFANTES PARA FORTALECER LA CONVIVENCIA ESCOLAR"},"content":{"rendered":"\n<h4 class=\"wp-block-heading\"><\/h4>\n\n\n\n<p>El Ministerio de Educaci\u00f3n de la Provincia, a trav\u00e9s de la Direcci\u00f3n General de Inclusi\u00f3n Educativa y la Direcci\u00f3n de Nivel Inicial, promovi\u00f3 durante la \u00faltima semana la realizaci\u00f3n de jornadas institucionales en jardines de infantes de toda la provincia, con el objetivo de fortalecer y renovar los acuerdos de convivencia escolar.<br>La propuesta, enmarcada en el Calendario Escolar 2026, apunta a consolidar v\u00ednculos entre ni\u00f1os, docentes y familias, promoviendo pautas de cuidado, h\u00e1bitos saludables y normas que favorezcan una convivencia respetuosa dentro de la comunidad educativa.<br>En este sentido, desde el Programa de Prevenci\u00f3n y Cuidados en el \u00c1mbito Educativo se elabor\u00f3 un documento gu\u00eda con orientaciones para el desarrollo de las jornadas. El coordinador del programa, Manuel Romero, explic\u00f3 que la iniciativa busca extender este tipo de espacios a todos los niveles educativos a lo largo del a\u00f1o, incorporando adem\u00e1s campa\u00f1as de concientizaci\u00f3n sobre problem\u00e1ticas como el bullying y la prevenci\u00f3n del suicidio.<br>Por su parte, la directora de Nivel Inicial, Beatriz Izquierdo, subray\u00f3 la importancia de construir estos acuerdos de manera conjunta: \u201cEs fundamental trabajar con las familias y las instituciones para fortalecer la prevenci\u00f3n y garantizar una convivencia adecuada desde los primeros a\u00f1os\u201d.<br>La propuesta tambi\u00e9n cont\u00f3 con la participaci\u00f3n de la comunidad. Gladis Aranda, madre de un estudiante, valor\u00f3 la iniciativa al considerar que \u201ces clave abordar estos temas desde edades tempranas para orientar a los chicos en su vida cotidiana\u201d.<br>Asimismo, se promovi\u00f3 la articulaci\u00f3n con instituciones locales. Mar\u00eda Miranda, enfermera del Centro de Salud del barrio Don Bosco, destac\u00f3 el trabajo conjunto con los jardines en temas como vacunaci\u00f3n, controles m\u00e9dicos y educaci\u00f3n para la salud. \u201cLas normas de convivencia tambi\u00e9n implican la responsabilidad de las familias en el cuidado de la salud infantil\u201d, concluy\u00f3<\/p>\n","protected":false},"excerpt":{"rendered":"<p>El Ministerio de Educaci\u00f3n de la Provincia, a trav\u00e9s de la Direcci\u00f3n General de Inclusi\u00f3n Educativa y la Direcci\u00f3n de Nivel Inicial, promovi\u00f3 durante la \u00faltima semana la realizaci\u00f3n de jornadas institucionales en jardines de infantes de toda la provincia, con el objetivo de fortalecer y renovar los acuerdos de convivencia escolar.La propuesta, enmarcada en [&hellip;]<\/p>\n","protected":false},"author":2,"featured_media":17648,"comment_status":"open","ping_status":"open","sticky":false,"template":"","format":"standard","meta":{"footnotes":""},"categories":[28],"tags":[],"class_list":{"0":"post-17647","1":"post","2":"type-post","3":"status-publish","4":"format-standard","5":"has-post-thumbnail","7":"category-locales"},"aioseo_notices":[],"_links":{"self":[{"href":"https:\/\/lalupa24.com.ar\/index.php\/wp-json\/wp\/v2\/posts\/17647","targetHints":{"allow":["GET"]}}],"collection":[{"href":"https:\/\/lalupa24.com.ar\/index.php\/wp-json\/wp\/v2\/posts"}],"about":[{"href":"https:\/\/lalupa24.com.ar\/index.php\/wp-json\/wp\/v2\/types\/post"}],"author":[{"embeddable":true,"href":"https:\/\/lalupa24.com.ar\/index.php\/wp-json\/wp\/v2\/users\/2"}],"replies":[{"embeddable":true,"href":"https:\/\/lalupa24.com.ar\/index.php\/wp-json\/wp\/v2\/comments?post=17647"}],"version-history":[{"count":1,"href":"https:\/\/lalupa24.com.ar\/index.php\/wp-json\/wp\/v2\/posts\/17647\/revisions"}],"predecessor-version":[{"id":17649,"href":"https:\/\/lalupa24.com.ar\/index.php\/wp-json\/wp\/v2\/posts\/17647\/revisions\/17649"}],"wp:featuredmedia":[{"embeddable":true,"href":"https:\/\/lalupa24.com.ar\/index.php\/wp-json\/wp\/v2\/media\/17648"}],"wp:attachment":[{"href":"https:\/\/lalupa24.com.ar\/index.php\/wp-json\/wp\/v2\/media?parent=17647"}],"wp:term":[{"taxonomy":"category","embeddable":true,"href":"https:\/\/lalupa24.com.ar\/index.php\/wp-json\/wp\/v2\/categories?post=17647"},{"taxonomy":"post_tag","embeddable":true,"href":"https:\/\/lalupa24.com.ar\/index.php\/wp-json\/wp\/v2\/tags?post=17647"}],"curies":[{"name":"wp","href":"https:\/\/api.w.org\/{rel}","templated":true}]}}