{"id":17653,"date":"2026-03-31T11:12:08","date_gmt":"2026-03-31T14:12:08","guid":{"rendered":"https:\/\/lalupa24.com.ar\/?p=17653"},"modified":"2026-04-06T11:12:41","modified_gmt":"2026-04-06T14:12:41","slug":"exitosa-capacitacion-para-potenciar-las-exportaciones-locales","status":"publish","type":"post","link":"https:\/\/lalupa24.com.ar\/index.php\/2026\/03\/31\/exitosa-capacitacion-para-potenciar-las-exportaciones-locales\/","title":{"rendered":"EXITOSA CAPACITACI\u00d3N PARA POTENCIAR LAS EXPORTACIONES LOCALES"},"content":{"rendered":"\n<p>Anoche, la Agencia de Inversiones del Chaco, encabezada por Mart\u00edn Poccard, junto a Impulsar Chaco, FECHACO, la C\u00e1mara de Comercio FoGaCh (Fondo de Garant\u00edas del Chaco) y PromArgentina (La Agencia Argentina para la Promoci\u00f3n de las Inversiones y el Comercio Exterior) llevaron adelante la jornada \u201cPaso a Paso para Exportar\u201d y Ronda de Negocios.<\/p>\n\n\n\n<p>En esta propuesta de capacitaci\u00f3n y preparaci\u00f3n para rondas de negocios destinada a emprendedores, pymes, comerciantes, productores y p\u00fablico en general se brindaron herramientas pr\u00e1cticas para que los participantes puedan iniciar o fortalecer sus procesos de internacionalizaci\u00f3n, con informaci\u00f3n clara sobre c\u00f3mo acceder a mercados externos y aprovechar nuevas oportunidades comerciales.<br>En este marco, Poccard se\u00f1al\u00f3: \u201cEsta capacitaci\u00f3n est\u00e1 pensada para brindar conocimientos concretos y accesibles, que permitan a los emprendedores y pymes dar sus primeros pasos en el camino de la exportaci\u00f3n\u201d.<br>Adem\u00e1s, agreg\u00f3: \u201cTrabajamos para acercar informaci\u00f3n clave, simplificar procesos y generar confianza en quienes quieren proyectar sus productos m\u00e1s all\u00e1 de la provincia y del pa\u00eds\u201d.<br>Por \u00faltimo, destac\u00f3: \u201cEste tipo de espacios son fundamentales para preparar al sector productivo, generar v\u00ednculos y abrir nuevas oportunidades comerciales para el desarrollo local\u201d.<\/p>\n\n\n\n<p>Por su parte, el secretario general de la Federaci\u00f3n Econ\u00f3mica del Chaco, Ernesto Scaglia, acompa\u00f1ado de Pablo Staszewski, vicepresidente de FECHACO y Juan Mart\u00edn Alfonso, Presidente de C\u00e1mara de Comercio de Resistencia, valor\u00f3 la iniciativa y remarc\u00f3 la necesidad de fortalecer el perfil exportador de la provincia: \u201cEs una capacitaci\u00f3n muy importante para el sector productivo, especialmente para las pymes, que necesitan herramientas concretas para poder dar el salto a los mercados internacionales\u201d.<br>En esa l\u00ednea, sostuvo: \u201cAprender a exportar es fundamental, porque en Argentina ha sido dif\u00edcil en los \u00faltimos a\u00f1os. Hoy se est\u00e1 retomando ese camino y es clave trabajar sobre los mercados donde el Chaco puede colocar su producci\u00f3n\u201d.<br>Asimismo, subray\u00f3 la importancia de la formaci\u00f3n: \u201cEs clave que las empresas sepan qu\u00e9 tr\u00e1mites deben realizar y c\u00f3mo funciona el mundo de las exportaciones. Pa\u00edses vecinos tienen estos procesos muy desarrollados, y nosotros todav\u00eda debemos avanzar en ese sentido\u201d.<br>Scaglia tambi\u00e9n destac\u00f3 el potencial log\u00edstico de la provincia: \u201cChaco tiene una gran oportunidad con sus puertos, especialmente el de Las Palmas, que puede ser estrat\u00e9gico para el desarrollo exportador\u201d.<br>Finalmente, remarc\u00f3 el desaf\u00edo de agregar valor a la producci\u00f3n: \u201cEl objetivo no debe ser solo exportar materias primas, sino tambi\u00e9n productos elaborados. Ese es el camino para crecer y generar m\u00e1s desarrollo\u201d.<br>Acompa\u00f1aron tambi\u00e9n esta capacitaci\u00f3n: el subsecretario de Industria, Patricio Amarilla; el diputado provincial Iv\u00e1n Gyoker; la administradora del Puerto de Barranqueras, Alicia Azula; el presidente y Vice de COLONO, Fernando Molina Y Gustavo Teijeiro; emprendedores, comerciantes; productores; y empresarios<\/p>\n","protected":false},"excerpt":{"rendered":"<p>Anoche, la Agencia de Inversiones del Chaco, encabezada por Mart\u00edn Poccard, junto a Impulsar Chaco, FECHACO, la C\u00e1mara de Comercio FoGaCh (Fondo de Garant\u00edas del Chaco) y PromArgentina (La Agencia Argentina para la Promoci\u00f3n de las Inversiones y el Comercio Exterior) llevaron adelante la jornada \u201cPaso a Paso para Exportar\u201d y Ronda de Negocios. En [&hellip;]<\/p>\n","protected":false},"author":2,"featured_media":17654,"comment_status":"open","ping_status":"open","sticky":false,"template":"","format":"standard","meta":{"footnotes":""},"categories":[28],"tags":[],"class_list":{"0":"post-17653","1":"post","2":"type-post","3":"status-publish","4":"format-standard","5":"has-post-thumbnail","7":"category-locales"},"aioseo_notices":[],"_links":{"self":[{"href":"https:\/\/lalupa24.com.ar\/index.php\/wp-json\/wp\/v2\/posts\/17653","targetHints":{"allow":["GET"]}}],"collection":[{"href":"https:\/\/lalupa24.com.ar\/index.php\/wp-json\/wp\/v2\/posts"}],"about":[{"href":"https:\/\/lalupa24.com.ar\/index.php\/wp-json\/wp\/v2\/types\/post"}],"author":[{"embeddable":true,"href":"https:\/\/lalupa24.com.ar\/index.php\/wp-json\/wp\/v2\/users\/2"}],"replies":[{"embeddable":true,"href":"https:\/\/lalupa24.com.ar\/index.php\/wp-json\/wp\/v2\/comments?post=17653"}],"version-history":[{"count":1,"href":"https:\/\/lalupa24.com.ar\/index.php\/wp-json\/wp\/v2\/posts\/17653\/revisions"}],"predecessor-version":[{"id":17655,"href":"https:\/\/lalupa24.com.ar\/index.php\/wp-json\/wp\/v2\/posts\/17653\/revisions\/17655"}],"wp:featuredmedia":[{"embeddable":true,"href":"https:\/\/lalupa24.com.ar\/index.php\/wp-json\/wp\/v2\/media\/17654"}],"wp:attachment":[{"href":"https:\/\/lalupa24.com.ar\/index.php\/wp-json\/wp\/v2\/media?parent=17653"}],"wp:term":[{"taxonomy":"category","embeddable":true,"href":"https:\/\/lalupa24.com.ar\/index.php\/wp-json\/wp\/v2\/categories?post=17653"},{"taxonomy":"post_tag","embeddable":true,"href":"https:\/\/lalupa24.com.ar\/index.php\/wp-json\/wp\/v2\/tags?post=17653"}],"curies":[{"name":"wp","href":"https:\/\/api.w.org\/{rel}","templated":true}]}}