{"id":1770,"date":"2024-09-08T13:20:44","date_gmt":"2024-09-08T16:20:44","guid":{"rendered":"https:\/\/lalupa24.com.ar\/?p=1770"},"modified":"2024-10-08T09:22:00","modified_gmt":"2024-10-08T12:22:00","slug":"el-gobernador-zdero-acompano-la-9-edicion-de-la-chacarera-del-monte-impenetrable","status":"publish","type":"post","link":"https:\/\/lalupa24.com.ar\/index.php\/2024\/09\/08\/el-gobernador-zdero-acompano-la-9-edicion-de-la-chacarera-del-monte-impenetrable\/","title":{"rendered":"El gobernador Zdero acompa\u00f1\u00f3 la 9\u00b0 edici\u00f3n de la Chacarera del Monte Impenetrable"},"content":{"rendered":"\n<p>El gobernador Leandro Zdero, acompa\u00f1\u00f3 anoche, la 9\u00b0 edici\u00f3n de la Chacarera del Monte Impenetrable que se realiz\u00f3 en el Paraje 4 de Febrero, jurisdicci\u00f3n de Miraflores. \u201cEs una expresi\u00f3n de la cultura, de la familia, es la expresi\u00f3n de nuestra tradici\u00f3n, del sentir gauchesco, del hombre sencillo del campo, que es el hombre chaque\u00f1o y del norte\u00f1o. Tenemos que recuperar los valores y ese Chaco pujante que so\u00f1aron nuestros abuelos, nuestros padres; estoy convencido, como gobernador de la provincia que estamos en ese camino y voy a dejar hasta mi \u00faltima gota de energ\u00eda para trabajar siempre por cada uno de ustedes. Simplemente agradecerles desde lo m\u00e1s profundo, con mucha humildad, decirles que para m\u00ed es un orgullo poder compartir este evento con ustedes, porque lo viven a flor de piel y lo viven de manera extraordinaria. \u00a1Viva la Chacarera del Monte! \u00a1Viva la Argentina! \u00a1Y sobre todo, que viva nuestro Chaco!- manifest\u00f3 el primer mandatario provincial.<\/p>\n\n\n\n<p>El gobernador acompa\u00f1ado por la vicegobernadora Silvana Schneider; el ministro de Gobierno, Jorge G\u00f3mez; el secretario de Asuntos Estrat\u00e9gicos, Marcos Resico; la presidente del Instituto de Turismo, Ver\u00f3nica Mazzaroli; el presidente del Instituto de Cultura, Mario Zorrilla; la subsecretaria de Municipio, Gabriela Galarza; el vocal de APA, Luis Castagno; legisladores provinciales, intendentes y concejales de la zona fueron recibidos por Alberto Nievas, el presidente de la Comisi\u00f3n Organizadora, quien expres\u00f3: \u201dQuiero agradecer al Gobernador de la provincia, Leandro Zdero, y a todo su equipo por hacer posible esta fiesta. Gracias por apoyar incondicionalmente este rescate cultural y tur\u00edstico para nuestra regi\u00f3n Impenetrable pero tambi\u00e9n para alegr\u00eda de nuestros criollos, de nuestros norte\u00f1os, de nuestros inmigrantes y de nuestros pueblos originarios; es una muestra de Fe y de alegr\u00eda, gracias a todos por darle el color y el marco adecuado. Sin el apoyo del gobierno provincial no hubiese sido posible esta Fiesta\u201d.<\/p>\n\n\n\n<p>El festival comenz\u00f3 con una cabalgata que parti\u00f3 desde el acceso de la Ruta N\u00b0 9 hasta el predio del evento, cubriendo aproximadamente 20 kil\u00f3metros desde el punto de inicio y el ingreso de la Cabalgata se realiz\u00f3 a trav\u00e9s de un sendero de antorchas. La cabalgata es una de las actividades destacadas y cuenta tambi\u00e9n con juegos tradicionales criollos, que reflejan la destreza y la cultura local. Con esta edici\u00f3n, la Chacarera del Monte Impenetrable no solo busca celebrar una tradici\u00f3n cultural arraigada en la regi\u00f3n, sino tambi\u00e9n fortalecer la identidad local y atraer a visitantes de otras regiones y pa\u00edses vecinos como se observ\u00f3 ayer durante el evento. Las actividades conjugan una demostraci\u00f3n de carrera cuadrera, juego de tabas, carrera de cuero, carrera de sortija, y santeada, una gran costumbre del Impenetrable. Aparecen entre los n\u00fameros art\u00edsticos presencias destacadas, como el cantante Lucio Rojas y David G\u00f3mez, heredero de \u201cCoco\u201d G\u00f3mez, considerado como \u201cEmbajador\u201d de la m\u00fasica. Esta fiesta tambi\u00e9n incluye una procesi\u00f3n con la figura en andas de la Virgen Mar\u00eda, feria de artesanos y gastronom\u00eda exclusivamente local.<\/p>\n","protected":false},"excerpt":{"rendered":"<p>El gobernador Leandro Zdero, acompa\u00f1\u00f3 anoche, la 9\u00b0 edici\u00f3n de la Chacarera del Monte Impenetrable que se realiz\u00f3 en el Paraje 4 de Febrero, jurisdicci\u00f3n de Miraflores. \u201cEs una expresi\u00f3n de la cultura, de la familia, es la expresi\u00f3n de nuestra tradici\u00f3n, del sentir gauchesco, del hombre sencillo del campo, que es el hombre chaque\u00f1o [&hellip;]<\/p>\n","protected":false},"author":2,"featured_media":1771,"comment_status":"open","ping_status":"open","sticky":false,"template":"","format":"standard","meta":{"footnotes":""},"categories":[27],"tags":[],"class_list":{"0":"post-1770","1":"post","2":"type-post","3":"status-publish","4":"format-standard","5":"has-post-thumbnail","7":"category-interior"},"aioseo_notices":[],"_links":{"self":[{"href":"https:\/\/lalupa24.com.ar\/index.php\/wp-json\/wp\/v2\/posts\/1770","targetHints":{"allow":["GET"]}}],"collection":[{"href":"https:\/\/lalupa24.com.ar\/index.php\/wp-json\/wp\/v2\/posts"}],"about":[{"href":"https:\/\/lalupa24.com.ar\/index.php\/wp-json\/wp\/v2\/types\/post"}],"author":[{"embeddable":true,"href":"https:\/\/lalupa24.com.ar\/index.php\/wp-json\/wp\/v2\/users\/2"}],"replies":[{"embeddable":true,"href":"https:\/\/lalupa24.com.ar\/index.php\/wp-json\/wp\/v2\/comments?post=1770"}],"version-history":[{"count":1,"href":"https:\/\/lalupa24.com.ar\/index.php\/wp-json\/wp\/v2\/posts\/1770\/revisions"}],"predecessor-version":[{"id":1772,"href":"https:\/\/lalupa24.com.ar\/index.php\/wp-json\/wp\/v2\/posts\/1770\/revisions\/1772"}],"wp:featuredmedia":[{"embeddable":true,"href":"https:\/\/lalupa24.com.ar\/index.php\/wp-json\/wp\/v2\/media\/1771"}],"wp:attachment":[{"href":"https:\/\/lalupa24.com.ar\/index.php\/wp-json\/wp\/v2\/media?parent=1770"}],"wp:term":[{"taxonomy":"category","embeddable":true,"href":"https:\/\/lalupa24.com.ar\/index.php\/wp-json\/wp\/v2\/categories?post=1770"},{"taxonomy":"post_tag","embeddable":true,"href":"https:\/\/lalupa24.com.ar\/index.php\/wp-json\/wp\/v2\/tags?post=1770"}],"curies":[{"name":"wp","href":"https:\/\/api.w.org\/{rel}","templated":true}]}}