{"id":17736,"date":"2026-04-15T12:12:03","date_gmt":"2026-04-15T15:12:03","guid":{"rendered":"https:\/\/lalupa24.com.ar\/?p=17736"},"modified":"2026-04-30T12:12:32","modified_gmt":"2026-04-30T15:12:32","slug":"lanzaron-el-festival-filarmonico-juvenil-y-una-nueva-tecnicatura-orquestal-en-el-marco-de-la-bienal-2026","status":"publish","type":"post","link":"https:\/\/lalupa24.com.ar\/index.php\/2026\/04\/15\/lanzaron-el-festival-filarmonico-juvenil-y-una-nueva-tecnicatura-orquestal-en-el-marco-de-la-bienal-2026\/","title":{"rendered":"LANZARON EL FESTIVAL FILARM\u00d3NICO JUVENIL Y UNA NUEVA TECNICATURA ORQUESTAL EN EL MARCO DE LA BIENAL 2026"},"content":{"rendered":"\n<p><strong>El presidente del Instituto de Cultura, Mario Zorrilla, destac\u00f3 el crecimiento del evento: \u201cLa Bienal ha trascendido al certamen internacional y es un conjunto de engranajes culturales\u201d, afirm\u00f3, y remarc\u00f3 que estas iniciativas forman parte de una visi\u00f3n cultural integral.<br><\/strong>En ese sentido, anunci\u00f3 que el pr\u00f3ximo 22 de abril la Bienal tambi\u00e9n ser\u00e1 presentada en la Casa del Chaco en Buenos Aires ante medios nacionales y prensa especializada. \u201cSer\u00e1 una jornada dedicada exclusivamente a mostrar las producciones e instalaciones que definen la identidad chaque\u00f1a\u201d, adelant\u00f3.<br>Por su parte, el presidente de la Fundaci\u00f3n Urunday, Jos\u00e9 Eidman, defini\u00f3 a la Bienal como un espacio donde \u201cdialogan lo consagrado, lo emergente, lo local y lo internacional\u201d, y subray\u00f3 que actualmente integra diez programas art\u00edsticos y formativos que incluyen danza, teatro, artesan\u00eda y m\u00fasica.<br>El Festival Filarm\u00f3nico Juvenil se desarrollar\u00e1 durante la Bienal y est\u00e1 orientado a la formaci\u00f3n intensiva de 100 j\u00f3venes instrumentistas de todo el pa\u00eds. La propuesta incluye capacitaciones con profesores de nivel internacional, ensayos y culminar\u00e1 con un gran ensamble orquestal de cierre. \u201cGenerar la posibilidad de formar a nuestros m\u00fasicos en el territorio nos llena de orgullo\u201d, expres\u00f3 Eidman, quien adem\u00e1s destac\u00f3 el acompa\u00f1amiento de la Fundaci\u00f3n Pradier.<\/p>\n\n\n\n<p><strong>TECNOLOG\u00cdA Y FORMACI\u00d3N ACAD\u00c9MICA<br><\/strong>En paralelo, se anunci\u00f3 la puesta en marcha de la Tecnicatura Universitaria en Instrumentista Orquestal, una nueva oferta acad\u00e9mica que surge a partir de un convenio entre la Universidad Nacional del Nordeste y la Universidad Nacional de las Artes.<br>El decano de la Facultad de Artes de la UNNE, Javier Romero, confirm\u00f3 que los primeros encuentros se prev\u00e9n entre agosto y septiembre. \u201cEsta formaci\u00f3n profesional no exist\u00eda en la zona y nace para alimentar las orquestas juveniles de la regi\u00f3n y luego ampliar el espectro hacia otros m\u00fasicos\u201d, sostuvo.<br>Ambas propuestas consolidan a la Bienal Internacional de Escultura del Chaco 2026 como un espacio integral de desarrollo cultural, que no solo exhibe producciones art\u00edsticas de relevancia internacional, sino que tambi\u00e9n promueve la formaci\u00f3n, la inclusi\u00f3n y el crecimiento profesional en el \u00e1mbito musical.<br>Estuvieron presentes en este lanzamiento: Mario Zorrilla, presidente del Instituto de Cultura; Jos\u00e9 Eidman de la Fundaci\u00f3n Urunday; C\u00e9sar Pradier (organizador del Festival); Gabriel Romero, (FADyCC- UNNE), y representantes del Gobierno del Chaco y de la Municipalidad de Resistencia.<\/p>\n\n\n\n<h4 class=\"wp-block-heading\"><\/h4>\n","protected":false},"excerpt":{"rendered":"<p>El presidente del Instituto de Cultura, Mario Zorrilla, destac\u00f3 el crecimiento del evento: \u201cLa Bienal ha trascendido al certamen internacional y es un conjunto de engranajes culturales\u201d, afirm\u00f3, y remarc\u00f3 que estas iniciativas forman parte de una visi\u00f3n cultural integral.En ese sentido, anunci\u00f3 que el pr\u00f3ximo 22 de abril la Bienal tambi\u00e9n ser\u00e1 presentada en [&hellip;]<\/p>\n","protected":false},"author":2,"featured_media":17737,"comment_status":"open","ping_status":"open","sticky":false,"template":"","format":"standard","meta":{"footnotes":""},"categories":[28],"tags":[],"class_list":{"0":"post-17736","1":"post","2":"type-post","3":"status-publish","4":"format-standard","5":"has-post-thumbnail","7":"category-locales"},"aioseo_notices":[],"_links":{"self":[{"href":"https:\/\/lalupa24.com.ar\/index.php\/wp-json\/wp\/v2\/posts\/17736","targetHints":{"allow":["GET"]}}],"collection":[{"href":"https:\/\/lalupa24.com.ar\/index.php\/wp-json\/wp\/v2\/posts"}],"about":[{"href":"https:\/\/lalupa24.com.ar\/index.php\/wp-json\/wp\/v2\/types\/post"}],"author":[{"embeddable":true,"href":"https:\/\/lalupa24.com.ar\/index.php\/wp-json\/wp\/v2\/users\/2"}],"replies":[{"embeddable":true,"href":"https:\/\/lalupa24.com.ar\/index.php\/wp-json\/wp\/v2\/comments?post=17736"}],"version-history":[{"count":1,"href":"https:\/\/lalupa24.com.ar\/index.php\/wp-json\/wp\/v2\/posts\/17736\/revisions"}],"predecessor-version":[{"id":17738,"href":"https:\/\/lalupa24.com.ar\/index.php\/wp-json\/wp\/v2\/posts\/17736\/revisions\/17738"}],"wp:featuredmedia":[{"embeddable":true,"href":"https:\/\/lalupa24.com.ar\/index.php\/wp-json\/wp\/v2\/media\/17737"}],"wp:attachment":[{"href":"https:\/\/lalupa24.com.ar\/index.php\/wp-json\/wp\/v2\/media?parent=17736"}],"wp:term":[{"taxonomy":"category","embeddable":true,"href":"https:\/\/lalupa24.com.ar\/index.php\/wp-json\/wp\/v2\/categories?post=17736"},{"taxonomy":"post_tag","embeddable":true,"href":"https:\/\/lalupa24.com.ar\/index.php\/wp-json\/wp\/v2\/tags?post=17736"}],"curies":[{"name":"wp","href":"https:\/\/api.w.org\/{rel}","templated":true}]}}