{"id":17739,"date":"2026-04-14T12:12:38","date_gmt":"2026-04-14T15:12:38","guid":{"rendered":"https:\/\/lalupa24.com.ar\/?p=17739"},"modified":"2026-04-30T12:13:05","modified_gmt":"2026-04-30T15:13:05","slug":"zdero-expuso-en-el-amcham-summit-2026-y-destaco-el-potencial-productivo-del-chaco","status":"publish","type":"post","link":"https:\/\/lalupa24.com.ar\/index.php\/2026\/04\/14\/zdero-expuso-en-el-amcham-summit-2026-y-destaco-el-potencial-productivo-del-chaco\/","title":{"rendered":"ZDERO EXPUSO EN EL AMCHAM SUMMIT 2026 Y DESTAC\u00d3 EL POTENCIAL PRODUCTIVO DEL CHACO"},"content":{"rendered":"\n<p><strong>El encuentro reuni\u00f3 a l\u00edderes empresariales, funcionarios y referentes de distintos sectores para debatir sobre competitividad, inversiones y crecimiento econ\u00f3mico en el contexto actual del pa\u00eds. La jornada cont\u00f3 adem\u00e1s con el cierre del presidente de la Naci\u00f3n, Javier Milei.<br><\/strong>Durante su exposici\u00f3n, Zdero puso en valor el proceso de transformaci\u00f3n productiva de la provincia y destac\u00f3 el cambio de paradigma impulsado por su gesti\u00f3n.<br>En ese sentido, subray\u00f3 las ventajas competitivas de la provincia, tanto por su ubicaci\u00f3n estrat\u00e9gica en el Mercosur y la Hidrov\u00eda Paran\u00e1-Paraguay, como por su potencial en el agro, la industria forestal y los recursos naturales. \u201cTrabajamos fuertemente en la reducci\u00f3n de impuestos y en el desarrollo log\u00edstico para potenciar nuestra posici\u00f3n geogr\u00e1fica\u201d, indic\u00f3.<br>El mandatario provincial tambi\u00e9n remarc\u00f3 los avances en materia de ordenamiento econ\u00f3mico y crecimiento de las exportaciones. \u201cEn menos de dos a\u00f1os de gesti\u00f3n logramos incrementar cerca de un 45% las exportaciones de productos como aceite, cuero salado, miel, carb\u00f3n y madera, demostrando que desde el Chaco podemos salir adelante\u201d, sostuvo.<br>Asimismo, destac\u00f3 la articulaci\u00f3n con el sector privado y el impulso a un modelo agroindustrial. \u201cPlanteamos la participaci\u00f3n de todos los sectores productivos, generando un cambio cultural: pasar de un modelo extractivo a uno agroindustrial. Hoy estamos logrando r\u00e9cords de producci\u00f3n, como en el caso del girasol, con m\u00e1s de 500 mil hect\u00e1reas sembradas\u201d, se\u00f1al\u00f3.<br>En materia de comercio exterior, Zdero resalt\u00f3 un hecho in\u00e9dito para la provincia: la exportaci\u00f3n de aceite de alta calidad desde Charata hacia Barcelona. \u201cEstamos demostrando que podemos agregar valor en origen y salir al mundo con productos de calidad\u201d, afirm\u00f3.<br>Finalmente, el gobernador Zdero invit\u00f3 a inversores y empresarios a apostar por la provincia. \u201cTenemos un contexto global favorable y la capacidad de llevar nuestros productos al mundo\u201d, concluy\u00f3.<\/p>\n\n\n\n<h4 class=\"wp-block-heading\"><\/h4>\n","protected":false},"excerpt":{"rendered":"<p>El encuentro reuni\u00f3 a l\u00edderes empresariales, funcionarios y referentes de distintos sectores para debatir sobre competitividad, inversiones y crecimiento econ\u00f3mico en el contexto actual del pa\u00eds. La jornada cont\u00f3 adem\u00e1s con el cierre del presidente de la Naci\u00f3n, Javier Milei.Durante su exposici\u00f3n, Zdero puso en valor el proceso de transformaci\u00f3n productiva de la provincia y [&hellip;]<\/p>\n","protected":false},"author":2,"featured_media":17740,"comment_status":"open","ping_status":"open","sticky":false,"template":"","format":"standard","meta":{"footnotes":""},"categories":[28],"tags":[],"class_list":{"0":"post-17739","1":"post","2":"type-post","3":"status-publish","4":"format-standard","5":"has-post-thumbnail","7":"category-locales"},"aioseo_notices":[],"_links":{"self":[{"href":"https:\/\/lalupa24.com.ar\/index.php\/wp-json\/wp\/v2\/posts\/17739","targetHints":{"allow":["GET"]}}],"collection":[{"href":"https:\/\/lalupa24.com.ar\/index.php\/wp-json\/wp\/v2\/posts"}],"about":[{"href":"https:\/\/lalupa24.com.ar\/index.php\/wp-json\/wp\/v2\/types\/post"}],"author":[{"embeddable":true,"href":"https:\/\/lalupa24.com.ar\/index.php\/wp-json\/wp\/v2\/users\/2"}],"replies":[{"embeddable":true,"href":"https:\/\/lalupa24.com.ar\/index.php\/wp-json\/wp\/v2\/comments?post=17739"}],"version-history":[{"count":1,"href":"https:\/\/lalupa24.com.ar\/index.php\/wp-json\/wp\/v2\/posts\/17739\/revisions"}],"predecessor-version":[{"id":17741,"href":"https:\/\/lalupa24.com.ar\/index.php\/wp-json\/wp\/v2\/posts\/17739\/revisions\/17741"}],"wp:featuredmedia":[{"embeddable":true,"href":"https:\/\/lalupa24.com.ar\/index.php\/wp-json\/wp\/v2\/media\/17740"}],"wp:attachment":[{"href":"https:\/\/lalupa24.com.ar\/index.php\/wp-json\/wp\/v2\/media?parent=17739"}],"wp:term":[{"taxonomy":"category","embeddable":true,"href":"https:\/\/lalupa24.com.ar\/index.php\/wp-json\/wp\/v2\/categories?post=17739"},{"taxonomy":"post_tag","embeddable":true,"href":"https:\/\/lalupa24.com.ar\/index.php\/wp-json\/wp\/v2\/tags?post=17739"}],"curies":[{"name":"wp","href":"https:\/\/api.w.org\/{rel}","templated":true}]}}