{"id":17761,"date":"2026-04-08T12:22:50","date_gmt":"2026-04-08T15:22:50","guid":{"rendered":"https:\/\/lalupa24.com.ar\/?p=17761"},"modified":"2026-04-30T12:23:43","modified_gmt":"2026-04-30T15:23:43","slug":"el-agua-como-prioridad-provincia-nacion-unops-y-unicef-unifican-esfuerzos-para-garantizar-el-acceso-al-servicio-en-el-impenetrable","status":"publish","type":"post","link":"https:\/\/lalupa24.com.ar\/index.php\/2026\/04\/08\/el-agua-como-prioridad-provincia-nacion-unops-y-unicef-unifican-esfuerzos-para-garantizar-el-acceso-al-servicio-en-el-impenetrable\/","title":{"rendered":"EL AGUA COMO PRIORIDAD: PROVINCIA, NACI\u00d3N, UNOPS Y UNICEF UNIFICAN ESFUERZOS PARA GARANTIZAR EL ACCESO AL SERVICIO EN EL IMPENETRABLE"},"content":{"rendered":"\n<h4 class=\"wp-block-heading\"><strong>El secretario de Asuntos Estrat\u00e9gicos, Marcos Resico y el ministro de Desarrollo Humano, Diego Gutierrez, abordaron, junto a autoridades del Consejo de Coordinaci\u00f3n de Pol\u00edticas Sociales del Ministerio de Capital Humano de Naci\u00f3n, el oficial a cargo de la Oficina de las Naciones Unidas de Servicios para Proyectos (UNOPS) en Argentina, Ignacio Lacasta, y el especialista en Primera Infancia de UNICEF, Javier Quesada, el Proyecto de Cisternas de Agua para el Impenetrable, sumando, en esta etapa, al trabajo que ya vienen realizando, a trav\u00e9s del convenio con UNICEF.\u00a0<\/strong>\u201cFue una reuni\u00f3n muy significativa. Estamos trabajando sobre el abastecimiento de agua en zonas y regiones de la provincia que para nosotros son fundamentales y donde es una necesidad\u201d, enfatiz\u00f3 Resico, aclarando que la actividad se enmarca en el\u00a0 proyecto de cisternas comunitarias y familiares que hace meses vienen articulando \u201cpara garantizar el acceso al agua potable, especialmente para las comunidades m\u00e1s vulnerables\u201d .<br>En esa l\u00ednea, el titular de Asuntos Estrat\u00e9gicos enfatiz\u00f3: \u201cEl agua es un tema relevante para nuestra gesti\u00f3n, no s\u00f3lo su acceso sino en relaci\u00f3n a la seguridad del consumo. Ya que muchas veces se logra con perforaciones o represas, pero su consumo no siempre es seguro, sobre todo para los chicos y para los adultos mayores. Por ende, articular las acciones con organismos de tanto prestigio es una ventaja para nosotros, ya que nos permite validar las acciones con modelos eficientes\u201d.<br>As\u00ed, valorando el trabajo que vienen desarrollando en conjunto con UNICEF, a trav\u00e9s de algunos convenios y obras, Resico aclar\u00f3 que se suma, con el Ministerio de Capital Humano de Naci\u00f3n, \u201cun proyecto un poco m\u00e1s ambicioso que viene a complementar las acciones concretas que estamos llevando acabo en relaci\u00f3n al agua en El Impenetrable, sobre todo, y en ciertas regiones de distintos departamentos de la zona Norte\u201d.<br>De este modo, con una metodolog\u00eda \u201cde territorio\u201d y de di\u00e1logo con las comunidades y el respaldo de los estudios de UNICEF, el Gobierno provincial busca que la comunidad en general tenga acceso al agua de consumo seguro, a trav\u00e9s de cisternas comunitarias, para que luego cada vecino tenga su propio dispenser para consumo humano, con pastillas potabilizadoras, trabajos de capacitaci\u00f3n, seguimientos, control,\u00a0 a trav\u00e9s de los distintos programas en territorio, como el \u00d1achec.<br>Por otra parte, el Secretario de Asuntos Estrat\u00e9gicos, ratific\u00f3 que este proyecto se refuerza con los diferentes operativos de salud itinerantes con el objetivo de mejorar el acceso a atenci\u00f3n m\u00e9dica en diversas localidades. \u201cA pesar de las cr\u00edticas pol\u00edticas, seguimos trabajando para ordenar la provincia y atender las necesidades de la poblaci\u00f3n\u201d, concluy\u00f3, anunciando, a su vez, que se espera la llegada de 2.000 dispenser que ser\u00e1n de uso familiar y domiciliario.<br>\u00a0 \u00a0 \u00a0 \u00a0 \u00a0 \u00a0 \u00a0 \u00a0 \u00a0 \u00a0 \u00a0 \u00a0 \u00a0 \u00a0 \u00a0 \u00a0 \u00a0 \u00a0 \u00a0 \u00a0 \u00a0 \u00a0 \u00a0 \u00a0 \u00a0 \u00a0 \u00a0 \u00a0 \u00a0 \u00a0 \u00a0 \u00a0 \u00a0 \u00a0 \u00a0 \u00a0 \u00a0 \u00a0 \u00a0<br><strong>Quesada: Proyecto Agua y \u00d1achec como \u201clas manos\u201d en territorio<\/strong><br>El especialista en Primera Infancia, Javier Quesada, explic\u00f3 que el \u201cProyecto Agua\u201d, iniciativa provincial junto a UNICEF se puso en marcha hace meses y \u201cya tiene resultados palpables\u201d. \u201cSe instalaron 11 cisternas comunitarias de 11.000 litros que abastecen a toda la comunidad, permitiendo a familias que estaban a 30 o 40 kil\u00f3metros del acceso al agua tengan ahora el recurso a 100 metros de su casa\u201d.<br>\u201cEsta etapa implica que puedan\u00a0 contar con un dispenser de uso domiciliario donde puedan poner una pastilla potabilizadora y purificar el agua de uso humano y cotidiano, evitando enfermedades especialmente en ni\u00f1os y las ni\u00f1as en la primera infancia\u201d, detall\u00f3 Quesada, haciendo hincapi\u00e9 en los trabajos de capacitaci\u00f3n e implicancias que tiene ahora para la comunidad el tener el agua cerca.<br>\u201cEs un trabajo muy importante que UNICEF est\u00e1 haciendo tanto con Asuntos Estrat\u00e9gicos como con Desarrollo Humano\u00a0 a trav\u00e9s de su programa \u00d1achec que est\u00e1 cerca de la gente en el territorio y nos sirve como las manos que van concretando lo que la Provincia nos pide\u201d, remarc\u00f3 el especialista en Primera Infancia del organismo internacional.<br>Es un proyecto muy ambicioso, tenemos un trabajo por delante en muchas comunidades y parajes m\u00e1s, y hoy, se suman otros actores sumamente claves a esta mesa del agua. Vamos a reunirnos para seguir planificando, y que este derecho tan b\u00e1sico para los ni\u00f1os y las ni\u00f1as, lo podamos solucionar cuanto antes\u201d, concluy\u00f3 Quesada.<br>Participaron del encuentro Delfina Giso, directora de Proyectos Estrat\u00e9gicos del Consejo de Coordinaci\u00f3n de Pol\u00edticas Sociales\u00a0 de Capital Humano de Naci\u00f3n; la coordinadora de Comunicaci\u00f3n de la Secretar\u00eda de Asuntos Estrat\u00e9gicos, Karen Kaenel, la subsecretaria de Infraestructura escolar del Ministerio de Educaci\u00f3n del Chaco, Sonia Cerruti y el presidente de la Administraci\u00f3n provincial del Agua (APA), Jorge Pilar el Oficial a cargo de UNOPS en Argentina, Ignacio Lacasta; Francisco Credaro, Project Manager adjunto;y Gustavo L\u00f3pez, Arquitecto senior.<\/h4>\n\n\n\n<h2 class=\"wp-block-heading\"><\/h2>\n\n\n\n<h4 class=\"wp-block-heading\"><\/h4>\n","protected":false},"excerpt":{"rendered":"<p>El secretario de Asuntos Estrat\u00e9gicos, Marcos Resico y el ministro de Desarrollo Humano, Diego Gutierrez, abordaron, junto a autoridades del Consejo de Coordinaci\u00f3n de Pol\u00edticas Sociales del Ministerio de Capital Humano de Naci\u00f3n, el oficial a cargo de la Oficina de las Naciones Unidas de Servicios para Proyectos (UNOPS) en Argentina, Ignacio Lacasta, y el [&hellip;]<\/p>\n","protected":false},"author":2,"featured_media":17762,"comment_status":"open","ping_status":"open","sticky":false,"template":"","format":"standard","meta":{"footnotes":""},"categories":[28],"tags":[],"class_list":{"0":"post-17761","1":"post","2":"type-post","3":"status-publish","4":"format-standard","5":"has-post-thumbnail","7":"category-locales"},"aioseo_notices":[],"_links":{"self":[{"href":"https:\/\/lalupa24.com.ar\/index.php\/wp-json\/wp\/v2\/posts\/17761","targetHints":{"allow":["GET"]}}],"collection":[{"href":"https:\/\/lalupa24.com.ar\/index.php\/wp-json\/wp\/v2\/posts"}],"about":[{"href":"https:\/\/lalupa24.com.ar\/index.php\/wp-json\/wp\/v2\/types\/post"}],"author":[{"embeddable":true,"href":"https:\/\/lalupa24.com.ar\/index.php\/wp-json\/wp\/v2\/users\/2"}],"replies":[{"embeddable":true,"href":"https:\/\/lalupa24.com.ar\/index.php\/wp-json\/wp\/v2\/comments?post=17761"}],"version-history":[{"count":1,"href":"https:\/\/lalupa24.com.ar\/index.php\/wp-json\/wp\/v2\/posts\/17761\/revisions"}],"predecessor-version":[{"id":17763,"href":"https:\/\/lalupa24.com.ar\/index.php\/wp-json\/wp\/v2\/posts\/17761\/revisions\/17763"}],"wp:featuredmedia":[{"embeddable":true,"href":"https:\/\/lalupa24.com.ar\/index.php\/wp-json\/wp\/v2\/media\/17762"}],"wp:attachment":[{"href":"https:\/\/lalupa24.com.ar\/index.php\/wp-json\/wp\/v2\/media?parent=17761"}],"wp:term":[{"taxonomy":"category","embeddable":true,"href":"https:\/\/lalupa24.com.ar\/index.php\/wp-json\/wp\/v2\/categories?post=17761"},{"taxonomy":"post_tag","embeddable":true,"href":"https:\/\/lalupa24.com.ar\/index.php\/wp-json\/wp\/v2\/tags?post=17761"}],"curies":[{"name":"wp","href":"https:\/\/api.w.org\/{rel}","templated":true}]}}