{"id":17770,"date":"2026-04-05T12:26:29","date_gmt":"2026-04-05T15:26:29","guid":{"rendered":"https:\/\/lalupa24.com.ar\/?p=17770"},"modified":"2026-04-30T12:26:56","modified_gmt":"2026-04-30T15:26:56","slug":"jornada-malvinas-memoria-viva-recuerdo-y-encuentro-en-resistencia","status":"publish","type":"post","link":"https:\/\/lalupa24.com.ar\/index.php\/2026\/04\/05\/jornada-malvinas-memoria-viva-recuerdo-y-encuentro-en-resistencia\/","title":{"rendered":"JORNADA \u201cMALVINAS MEMORIA VIVA\u201d: RECUERDO Y ENCUENTRO EN RESISTENCIA"},"content":{"rendered":"\n<p>La actividad reuni\u00f3 a autoridades, veteranos de guerra, y sus familias en un espacio de encuentro, reconocimiento y recreaci\u00f3n. Estuvo el vicepresidente del organismo deportivo, profesor Gabriel Pellegrini, junto a los diputados provinciales Carlos Salom y Samuel Vargas, quienes acompa\u00f1aron a los excombatientes durante toda la jornada.<\/p>\n\n\n\n<p>El evento comenz\u00f3 el d\u00eda s\u00e1bado con el izamiento del pabell\u00f3n nacional y continu\u00f3 con la entrega de carpetas protocolares a los veteranos de Malvinas y a los organizadores, en un gesto de reconocimiento institucional.<\/p>\n\n\n\n<p>Durante la jornada, los protagonistas compartieron sus experiencias y valoraron la iniciativa. Abel Estigarribia, oriundo de Cote Lai y excombatiente que prest\u00f3 servicio en el Regimiento de Infanter\u00eda 12 de Mercedes (Corrientes), destac\u00f3 el valor del encuentro: \u201cEstoy orgulloso de este trabajo y de este evento que nos permite pasar un d\u00eda de reencuentro. Hice 70 kil\u00f3metros para estar ac\u00e1 y compartir este momento, lo agradezco profundamente\u201d.<\/p>\n\n\n\n<p>Por su parte, Mirta Fimiani, viuda del veterano de guerra Foschiatti, subray\u00f3 la importancia de mantener viva la memoria: \u201cMalvinas debe seguir presente para que los j\u00f3venes conozcan nuestra historia. Este tipo de actividades, adem\u00e1s de homenajear, generan un espacio de contenci\u00f3n y encuentro para los veteranos y sus familias\u201d.<\/p>\n\n\n\n<p>La jornada combin\u00f3 deporte, memoria y comunidad, reafirmando el compromiso de mantener vigente el recuerdo de quienes participaron en la gesta y de promover espacios que fortalezcan los lazos sociales y el reconocimiento hist\u00f3rico.<\/p>\n\n\n\n<h4 class=\"wp-block-heading\"><\/h4>\n","protected":false},"excerpt":{"rendered":"<p>La actividad reuni\u00f3 a autoridades, veteranos de guerra, y sus familias en un espacio de encuentro, reconocimiento y recreaci\u00f3n. Estuvo el vicepresidente del organismo deportivo, profesor Gabriel Pellegrini, junto a los diputados provinciales Carlos Salom y Samuel Vargas, quienes acompa\u00f1aron a los excombatientes durante toda la jornada. El evento comenz\u00f3 el d\u00eda s\u00e1bado con el [&hellip;]<\/p>\n","protected":false},"author":2,"featured_media":17771,"comment_status":"open","ping_status":"open","sticky":false,"template":"","format":"standard","meta":{"footnotes":""},"categories":[28],"tags":[],"class_list":{"0":"post-17770","1":"post","2":"type-post","3":"status-publish","4":"format-standard","5":"has-post-thumbnail","7":"category-locales"},"aioseo_notices":[],"_links":{"self":[{"href":"https:\/\/lalupa24.com.ar\/index.php\/wp-json\/wp\/v2\/posts\/17770","targetHints":{"allow":["GET"]}}],"collection":[{"href":"https:\/\/lalupa24.com.ar\/index.php\/wp-json\/wp\/v2\/posts"}],"about":[{"href":"https:\/\/lalupa24.com.ar\/index.php\/wp-json\/wp\/v2\/types\/post"}],"author":[{"embeddable":true,"href":"https:\/\/lalupa24.com.ar\/index.php\/wp-json\/wp\/v2\/users\/2"}],"replies":[{"embeddable":true,"href":"https:\/\/lalupa24.com.ar\/index.php\/wp-json\/wp\/v2\/comments?post=17770"}],"version-history":[{"count":1,"href":"https:\/\/lalupa24.com.ar\/index.php\/wp-json\/wp\/v2\/posts\/17770\/revisions"}],"predecessor-version":[{"id":17772,"href":"https:\/\/lalupa24.com.ar\/index.php\/wp-json\/wp\/v2\/posts\/17770\/revisions\/17772"}],"wp:featuredmedia":[{"embeddable":true,"href":"https:\/\/lalupa24.com.ar\/index.php\/wp-json\/wp\/v2\/media\/17771"}],"wp:attachment":[{"href":"https:\/\/lalupa24.com.ar\/index.php\/wp-json\/wp\/v2\/media?parent=17770"}],"wp:term":[{"taxonomy":"category","embeddable":true,"href":"https:\/\/lalupa24.com.ar\/index.php\/wp-json\/wp\/v2\/categories?post=17770"},{"taxonomy":"post_tag","embeddable":true,"href":"https:\/\/lalupa24.com.ar\/index.php\/wp-json\/wp\/v2\/tags?post=17770"}],"curies":[{"name":"wp","href":"https:\/\/api.w.org\/{rel}","templated":true}]}}