{"id":1796,"date":"2024-09-08T21:17:58","date_gmt":"2024-09-09T00:17:58","guid":{"rendered":"https:\/\/lalupa24.com.ar\/?p=1796"},"modified":"2024-09-08T21:18:00","modified_gmt":"2024-09-09T00:18:00","slug":"luto-chamamecero-a-35-anos-de-la-tragedia-de-bella-vista","status":"publish","type":"post","link":"https:\/\/lalupa24.com.ar\/index.php\/2024\/09\/08\/luto-chamamecero-a-35-anos-de-la-tragedia-de-bella-vista\/","title":{"rendered":"Luto chamamecero a 35 a\u00f1os de la tragedia de Bella Vista"},"content":{"rendered":"\n<p>Este domingo 8 de septiembre se cumplen 35 a\u00f1os de la tragedia ocurrida en Bella Vista que enlut\u00f3 al chamam\u00e9, y el Instituto de Cultura de Corrientes adhiere y auspicia el homenaje musical que se realizar\u00e1 en memoria de los m\u00fasicos.<\/p>\n\n\n\n<p>Hoy se cumple un nuevo aniversario de la tr\u00e1gica muerte de ocho personas -seis de ellos m\u00fasicos-, en Bella Vista, la noche del 8 de septiembre de 1989, que cubri\u00f3 de luto al pueblo chamamecero.<\/p>\n\n\n\n<p>El 8 de septiembre siempre ser\u00e1 recordado como uno de los d\u00edas m\u00e1s tristes para el chamam\u00e9. En Bella Vista fallecieron grandes valores de la renovaci\u00f3n de la m\u00fasica aut\u00f3ctona, quienes cayeron al r\u00edo Paran\u00e1 tras una falla en el colectivo que los trasladaba en medio de una gira por distintas localidades de la regi\u00f3n. En aquella fecha fat\u00eddica tambi\u00e9n murieron los dos choferes.<\/p>\n\n\n\n<figure class=\"wp-block-gallery has-nested-images columns-default is-cropped wp-block-gallery-1 is-layout-flex wp-block-gallery-is-layout-flex\">\n<figure class=\"wp-block-image size-large\"><img loading=\"lazy\" decoding=\"async\" width=\"284\" height=\"178\" data-id=\"1797\" src=\"https:\/\/lalupa24.com.ar\/wp-content\/uploads\/2024\/09\/chamame.jpg\" alt=\"\" class=\"wp-image-1797\" srcset=\"https:\/\/lalupa24.com.ar\/wp-content\/uploads\/2024\/09\/chamame.jpg 284w, https:\/\/lalupa24.com.ar\/wp-content\/uploads\/2024\/09\/chamame-150x94.jpg 150w\" sizes=\"auto, (max-width: 284px) 100vw, 284px\" \/><\/figure>\n<\/figure>\n\n\n\n<p>El Paran\u00e1 se llev\u00f3 a&nbsp; Daniel \u201cYacar\u00e9\u201d Aguirre (recitador y presentador de conjuntos chamameceros), Joaqu\u00edn \u201cGringo\u201d Sheridan (bandoneonista, que inici\u00f3 junto a Julio C\u00e1ceres el conjunto \u201cLos de Imaguar\u00e9\u201d), Miguel \u00c1ngel \u201cMichel\u201d Sheridan (hermano de Joaqu\u00edn, gran ejecutante de la guitarra y excelente voz), Ceferino \u201cChango\u201d Paniagua (guitarra y voz del conjunto \u201cTr\u00edo Corrientes), \u201cZitto\u201d Segovia (cantautor de la \u201cNueva Trova\u201d del Chaco, que portaba un estilo renovador); y Johnny Behr (percusionista de Zitto, que aportaba r\u00edtmica precisa para el in\u00e9dito repertorio de Segovia).<\/p>\n\n\n\n<p>En aquel d\u00eda fat\u00eddico salvaron su vida, logrando poder escapar del colectivo, Carlos Mi\u00f1o, C\u00e9sar Gonz\u00e1lez, Ricardo Sc\u00f3fano, Ricardo \u201cTito\u201d G\u00f3mez y Oscar \u201cCacho\u201d Esp\u00edndola.<\/p>\n\n\n\n<figure class=\"wp-block-gallery has-nested-images columns-default is-cropped wp-block-gallery-2 is-layout-flex wp-block-gallery-is-layout-flex\">\n<figure class=\"wp-block-image size-large\"><img loading=\"lazy\" decoding=\"async\" width=\"275\" height=\"183\" data-id=\"1799\" src=\"https:\/\/lalupa24.com.ar\/wp-content\/uploads\/2024\/09\/chamame-3.jpg\" alt=\"\" class=\"wp-image-1799\" srcset=\"https:\/\/lalupa24.com.ar\/wp-content\/uploads\/2024\/09\/chamame-3.jpg 275w, https:\/\/lalupa24.com.ar\/wp-content\/uploads\/2024\/09\/chamame-3-150x100.jpg 150w\" sizes=\"auto, (max-width: 275px) 100vw, 275px\" \/><\/figure>\n<\/figure>\n\n\n\n<p>El accidente conmovi\u00f3 al ambiente art\u00edstico y cultural de Corrientes y Chaco, dada la trayectoria y raigambre popular de los m\u00fasicos fallecidos.<\/p>\n","protected":false},"excerpt":{"rendered":"<p>Este domingo 8 de septiembre se cumplen 35 a\u00f1os de la tragedia ocurrida en Bella Vista que enlut\u00f3 al chamam\u00e9, y el Instituto de Cultura de Corrientes adhiere y auspicia el homenaje musical que se realizar\u00e1 en memoria de los m\u00fasicos. Hoy se cumple un nuevo aniversario de la tr\u00e1gica muerte de ocho personas -seis [&hellip;]<\/p>\n","protected":false},"author":2,"featured_media":1798,"comment_status":"open","ping_status":"open","sticky":false,"template":"","format":"standard","meta":{"footnotes":""},"categories":[156],"tags":[],"class_list":{"0":"post-1796","1":"post","2":"type-post","3":"status-publish","4":"format-standard","5":"has-post-thumbnail","7":"category-regional"},"aioseo_notices":[],"_links":{"self":[{"href":"https:\/\/lalupa24.com.ar\/index.php\/wp-json\/wp\/v2\/posts\/1796","targetHints":{"allow":["GET"]}}],"collection":[{"href":"https:\/\/lalupa24.com.ar\/index.php\/wp-json\/wp\/v2\/posts"}],"about":[{"href":"https:\/\/lalupa24.com.ar\/index.php\/wp-json\/wp\/v2\/types\/post"}],"author":[{"embeddable":true,"href":"https:\/\/lalupa24.com.ar\/index.php\/wp-json\/wp\/v2\/users\/2"}],"replies":[{"embeddable":true,"href":"https:\/\/lalupa24.com.ar\/index.php\/wp-json\/wp\/v2\/comments?post=1796"}],"version-history":[{"count":1,"href":"https:\/\/lalupa24.com.ar\/index.php\/wp-json\/wp\/v2\/posts\/1796\/revisions"}],"predecessor-version":[{"id":1800,"href":"https:\/\/lalupa24.com.ar\/index.php\/wp-json\/wp\/v2\/posts\/1796\/revisions\/1800"}],"wp:featuredmedia":[{"embeddable":true,"href":"https:\/\/lalupa24.com.ar\/index.php\/wp-json\/wp\/v2\/media\/1798"}],"wp:attachment":[{"href":"https:\/\/lalupa24.com.ar\/index.php\/wp-json\/wp\/v2\/media?parent=1796"}],"wp:term":[{"taxonomy":"category","embeddable":true,"href":"https:\/\/lalupa24.com.ar\/index.php\/wp-json\/wp\/v2\/categories?post=1796"},{"taxonomy":"post_tag","embeddable":true,"href":"https:\/\/lalupa24.com.ar\/index.php\/wp-json\/wp\/v2\/tags?post=1796"}],"curies":[{"name":"wp","href":"https:\/\/api.w.org\/{rel}","templated":true}]}}