{"id":1937,"date":"2024-09-11T22:02:37","date_gmt":"2024-09-12T01:02:37","guid":{"rendered":"https:\/\/lalupa24.com.ar\/?p=1937"},"modified":"2024-09-11T22:05:47","modified_gmt":"2024-09-12T01:05:47","slug":"inflacion-de-agosto-fue-del-42","status":"publish","type":"post","link":"https:\/\/lalupa24.com.ar\/index.php\/2024\/09\/11\/inflacion-de-agosto-fue-del-42\/","title":{"rendered":"Inflaci\u00f3n de agosto fue del 4,2%"},"content":{"rendered":"\n<p>La cifra interanual se ubic\u00f3 en el 236,7% y el acumulado de 2024 supera el 90%<\/p>\n\n\n\n<p>El Indec public\u00f3 este mi\u00e9rcoles el dato de inflaci\u00f3n correspondiente al mes de agosto.<\/p>\n\n\n\n<p>Seg\u00fan el \u00cdndice de Precios al Consumidor, la suba de precios en agosto fue del 4,2% y la cifra interanual se ubic\u00f3 en la l\u00ednea del 236,7%. Mientras tanto, el acumulado de lo que va del a\u00f1o supera levemente el 90% (94,8%).<\/p>\n\n\n\n<p>El relevamiento se\u00f1ala que &#8220;la divisi\u00f3n con mayor alza mensual en agosto de 2024 fue Vivienda, agua, electricidad y otros combustibles (7,0%), escoltada por Educaci\u00f3n (6,6%)&#8221;.<\/p>\n\n\n\n<p>La suba de tarifas impact\u00f3 en el \u00edndice general de inflaci\u00f3n de agosto.<\/p>\n\n\n\n<p>Y a\u00f1ade: &#8220;En agosto de 2024, Alimentos y bebidas no alcoh\u00f3licas aport\u00f3 la mayor incidencia sobre la variaci\u00f3n mensual en todas las regiones del pa\u00eds, excepto en GBA, donde lider\u00f3 Transporte&#8221;.<\/p>\n\n\n\n<p>&#8220;En agosto 2024, Noroeste fue la regi\u00f3n de mayor suba mensual (5,0%); y Pampeana, la de menor (3,9%)&#8221;, concluye el informe.<\/p>\n\n\n\n<p>Las primeras estimaciones de las consultoras proyectan para septiembre una inflaci\u00f3n que se ubicar\u00eda en el rango de entre 3% y 3,6%, lejos del 1% que en alg\u00fan momento hab\u00eda vaticinado Caputo para este mes.<\/p>\n\n\n\n<p>Los economistas calculan que la baja del impuesto PAIS sobre la inflaci\u00f3n implicar\u00eda una reducci\u00f3n que oscilar\u00eda entre 0,5 y 0,7 puntos porcentuales, pero recalcan que &#8220;no necesariamente va a ser todo en septiembre&#8221;.<\/p>\n\n\n\n<p>En ese sentido, Caputo este lunes -a trav\u00e9s de su cuenta en la red social X- exhort\u00f3: &#8220;Comienza la baja del Impuesto PAIS. Los sectores beneficiados se han comprometido a bajar precios. Es importante para la sociedad que cumplan&#8221;. Y remarc\u00f3 que &#8220;la desconfianza de la gente no es solo con los que gobernamos, sino tambi\u00e9n con el empresariado que saca provecho extra de estas medidas&#8221;.<\/p>\n\n\n\n<p>Inflaci\u00f3n en alimentos: as\u00ed pas\u00f3 la primera semana del mes<\/p>\n\n\n\n<p>El precio de los alimentos y bebidas en la primera semana de septiembre mostr\u00f3 una suba de entre 0,6% y 0,9% seg\u00fan reflejaron distintos relevamientos de las consultoras privadas, con lo cual para todo el mes la inflaci\u00f3n en ese rubro se consolida en un rango de entre 2,2 y 3%, seg\u00fan el promedio de las \u00faltimas cuatro semanas. As\u00ed, la din\u00e1mica del valor de los alimentos no evidencia un gran impacto en la primera de vigencia de la baja de la al\u00edcuota del impuesto PAIS de 17,5 a 7,5%.<\/p>\n\n\n\n<p>De acuerdo a los c\u00e1lculos de los analistas, la baja del Impuesto PAIS sobre la inflaci\u00f3n implicar\u00eda una reducci\u00f3n que oscilar\u00eda entre 0,5 y 0,7 puntos porcentuales, pero recalcan que &#8220;no necesariamente va a ser todo en septiembre&#8221;.<\/p>\n","protected":false},"excerpt":{"rendered":"<p>La cifra interanual se ubic\u00f3 en el 236,7% y el acumulado de 2024 supera el 90% El Indec public\u00f3 este mi\u00e9rcoles el dato de inflaci\u00f3n correspondiente al mes de agosto. Seg\u00fan el \u00cdndice de Precios al Consumidor, la suba de precios en agosto fue del 4,2% y la cifra interanual se ubic\u00f3 en la l\u00ednea [&hellip;]<\/p>\n","protected":false},"author":2,"featured_media":1940,"comment_status":"open","ping_status":"open","sticky":false,"template":"","format":"standard","meta":{"footnotes":""},"categories":[24,26],"tags":[],"class_list":{"0":"post-1937","1":"post","2":"type-post","3":"status-publish","4":"format-standard","5":"has-post-thumbnail","7":"category-economia","8":"category-nacionales"},"aioseo_notices":[],"_links":{"self":[{"href":"https:\/\/lalupa24.com.ar\/index.php\/wp-json\/wp\/v2\/posts\/1937","targetHints":{"allow":["GET"]}}],"collection":[{"href":"https:\/\/lalupa24.com.ar\/index.php\/wp-json\/wp\/v2\/posts"}],"about":[{"href":"https:\/\/lalupa24.com.ar\/index.php\/wp-json\/wp\/v2\/types\/post"}],"author":[{"embeddable":true,"href":"https:\/\/lalupa24.com.ar\/index.php\/wp-json\/wp\/v2\/users\/2"}],"replies":[{"embeddable":true,"href":"https:\/\/lalupa24.com.ar\/index.php\/wp-json\/wp\/v2\/comments?post=1937"}],"version-history":[{"count":1,"href":"https:\/\/lalupa24.com.ar\/index.php\/wp-json\/wp\/v2\/posts\/1937\/revisions"}],"predecessor-version":[{"id":1939,"href":"https:\/\/lalupa24.com.ar\/index.php\/wp-json\/wp\/v2\/posts\/1937\/revisions\/1939"}],"wp:featuredmedia":[{"embeddable":true,"href":"https:\/\/lalupa24.com.ar\/index.php\/wp-json\/wp\/v2\/media\/1940"}],"wp:attachment":[{"href":"https:\/\/lalupa24.com.ar\/index.php\/wp-json\/wp\/v2\/media?parent=1937"}],"wp:term":[{"taxonomy":"category","embeddable":true,"href":"https:\/\/lalupa24.com.ar\/index.php\/wp-json\/wp\/v2\/categories?post=1937"},{"taxonomy":"post_tag","embeddable":true,"href":"https:\/\/lalupa24.com.ar\/index.php\/wp-json\/wp\/v2\/tags?post=1937"}],"curies":[{"name":"wp","href":"https:\/\/api.w.org\/{rel}","templated":true}]}}