{"id":1953,"date":"2024-09-12T08:06:00","date_gmt":"2024-09-12T11:06:00","guid":{"rendered":"https:\/\/lalupa24.com.ar\/?p=1953"},"modified":"2024-09-12T00:09:23","modified_gmt":"2024-09-12T03:09:23","slug":"paraguay-suspendio-las-clases-presenciales-debido-a-la-mala-calidad-de-aire-tras-los-incendios-en-la-region","status":"publish","type":"post","link":"https:\/\/lalupa24.com.ar\/index.php\/2024\/09\/12\/paraguay-suspendio-las-clases-presenciales-debido-a-la-mala-calidad-de-aire-tras-los-incendios-en-la-region\/","title":{"rendered":"Paraguay suspendi\u00f3 las clases presenciales debido a la mala calidad de aire tras los incendios en la regi\u00f3n"},"content":{"rendered":"\n<p>El Ministerio de Educaci\u00f3n y Ciencias (MEC) de Paraguay anunci\u00f3 la suspensi\u00f3n de clases presenciales en las zonas m\u00e1s afectadas por el humo provocado por los incendios forestales en la regi\u00f3n. La decisi\u00f3n de suspender las clases en Paraguay se debe a la mala calidad del aire, que gener\u00f3 nula visibilidad en algunos puntos del pa\u00eds, poniendo en riesgo tanto la salud como la seguridad en las rutas.<\/p>\n\n\n\n<p>La medida se aplicar\u00e1 \u00fanicamente en las regiones donde la visibilidad se encuentra seriamente comprometida. En el resto del pa\u00eds, las actividades educativas continuar\u00e1n desarroll\u00e1ndose de manera normal, seg\u00fan lo informado por el MEC.<\/p>\n\n\n\n<p>Los incendios forestales son una preocupaci\u00f3n creciente en el pa\u00eds, afectando varias regiones con el denso humo que cubre amplias \u00e1reas, y que ha generado alertas por la calidad del aire. Las autoridades instaron a la poblaci\u00f3n a extremar las precauciones y seguir las recomendaciones oficiales para evitar problemas respiratorios.<\/p>\n","protected":false},"excerpt":{"rendered":"<p>El Ministerio de Educaci\u00f3n y Ciencias (MEC) de Paraguay anunci\u00f3 la suspensi\u00f3n de clases presenciales en las zonas m\u00e1s afectadas por el humo provocado por los incendios forestales en la regi\u00f3n. La decisi\u00f3n de suspender las clases en Paraguay se debe a la mala calidad del aire, que gener\u00f3 nula visibilidad en algunos puntos del [&hellip;]<\/p>\n","protected":false},"author":2,"featured_media":1954,"comment_status":"open","ping_status":"open","sticky":false,"template":"","format":"standard","meta":{"footnotes":""},"categories":[25],"tags":[],"class_list":{"0":"post-1953","1":"post","2":"type-post","3":"status-publish","4":"format-standard","5":"has-post-thumbnail","7":"category-internacionales"},"aioseo_notices":[],"_links":{"self":[{"href":"https:\/\/lalupa24.com.ar\/index.php\/wp-json\/wp\/v2\/posts\/1953","targetHints":{"allow":["GET"]}}],"collection":[{"href":"https:\/\/lalupa24.com.ar\/index.php\/wp-json\/wp\/v2\/posts"}],"about":[{"href":"https:\/\/lalupa24.com.ar\/index.php\/wp-json\/wp\/v2\/types\/post"}],"author":[{"embeddable":true,"href":"https:\/\/lalupa24.com.ar\/index.php\/wp-json\/wp\/v2\/users\/2"}],"replies":[{"embeddable":true,"href":"https:\/\/lalupa24.com.ar\/index.php\/wp-json\/wp\/v2\/comments?post=1953"}],"version-history":[{"count":1,"href":"https:\/\/lalupa24.com.ar\/index.php\/wp-json\/wp\/v2\/posts\/1953\/revisions"}],"predecessor-version":[{"id":1955,"href":"https:\/\/lalupa24.com.ar\/index.php\/wp-json\/wp\/v2\/posts\/1953\/revisions\/1955"}],"wp:featuredmedia":[{"embeddable":true,"href":"https:\/\/lalupa24.com.ar\/index.php\/wp-json\/wp\/v2\/media\/1954"}],"wp:attachment":[{"href":"https:\/\/lalupa24.com.ar\/index.php\/wp-json\/wp\/v2\/media?parent=1953"}],"wp:term":[{"taxonomy":"category","embeddable":true,"href":"https:\/\/lalupa24.com.ar\/index.php\/wp-json\/wp\/v2\/categories?post=1953"},{"taxonomy":"post_tag","embeddable":true,"href":"https:\/\/lalupa24.com.ar\/index.php\/wp-json\/wp\/v2\/tags?post=1953"}],"curies":[{"name":"wp","href":"https:\/\/api.w.org\/{rel}","templated":true}]}}