{"id":1961,"date":"2024-09-12T18:06:00","date_gmt":"2024-09-12T21:06:00","guid":{"rendered":"https:\/\/lalupa24.com.ar\/?p=1961"},"modified":"2024-09-12T18:08:38","modified_gmt":"2024-09-12T21:08:38","slug":"asumio-el-adrian-veleff-como-presidente-de-ecom-chaco","status":"publish","type":"post","link":"https:\/\/lalupa24.com.ar\/index.php\/2024\/09\/12\/asumio-el-adrian-veleff-como-presidente-de-ecom-chaco\/","title":{"rendered":"Asumi\u00f3 el Adri\u00e1n Veleff como presidente de ECOM chaco"},"content":{"rendered":"\n<p><strong>El ministro de Hacienda y Finanzas Alejandro Abraam acompa\u00f1\u00f3 la presentaci\u00f3n del nuevo presidente de Ecom Chaco Dr. Adri\u00e1n Veleff y destac\u00f3 los objetivos de la empresa para el crecimiento de la provincia.<\/strong><\/p>\n\n\n\n<p><strong>En una asamblea del directorio de Ecom Chaco, el ministro Alejandro Abraam anunci\u00f3 la designaci\u00f3n del Dr. V\u00edctor Adri\u00e1n Veleff, como nuevo presidente de la empresa. El mismo se enfocar\u00e1 de inmediato en mejorar los servicios de tecnolog\u00eda y comunicaciones de la empresa, as\u00ed como en evaluar las posibilidades de ofrecerlos tanto en el sector p\u00fablico como al sector privado.<\/strong><\/p>\n\n\n\n<p><strong>El ministro destac\u00f3 la importancia de Ecom para el Estado provincial, ya que es una empresa que est\u00e1 vinculada con la tecnolog\u00eda y las comunicaciones; y es fundamental para el desarrollo de la provincia. Tambi\u00e9n enfatiz\u00f3 la necesidad de articular lo p\u00fablico y lo privado para generar empleo y crecimiento econ\u00f3mico. \u201cEl doctor Veleff es una persona con mucha trayectoria, es una persona que tiene una visi\u00f3n de gesti\u00f3n ,sin duda que va a aportar con su conocimiento y su capacidad a la empresa , reforzando los muchos proyectos que se est\u00e1n encarando, como el convenio de videovigilancia justamente con el Ministerio de Seguridad, entro otros proyectos\u201d y destac\u00f3 que su designaci\u00f3n es parte de una pol\u00edtica de Estado del gobernador Zdero para lograr con orden y transparencia este objetivo\u201d- enfatiz\u00f3 el ministro de Hacienda.<\/strong><\/p>\n\n\n\n<p><strong>Abraam tambi\u00e9n se refiri\u00f3 a la situaci\u00f3n econ\u00f3mica de la provincia, destacando el plan de obras p\u00fablicas y la b\u00fasqueda de inversiones extranjeras; tambi\u00e9n se\u00f1al\u00f3 que la ley del RIGI y el blanqueo de capitales son un puntapi\u00e9 para el crecimiento de la provincia, y que se est\u00e1 trabajando para lograr la radicaci\u00f3n de industrias en el parque industrial de la ruta 16.<\/strong><\/p>\n\n\n\n<p><strong>Finalmente, manifest\u00f3 su preocupaci\u00f3n ante la necesidad de solucionar el problema energ\u00e9tico en el interior de la provincia y la b\u00fasqueda de autorizaci\u00f3n para endeudamiento por parte de la Diputados&nbsp; para garantizar la provisi\u00f3n de energ\u00eda.<\/strong><\/p>\n\n\n\n<p><strong>Por \u00faltimo. el ministro de Hacienda y Finanzas, destac\u00f3 la importancia de trabajar con los recursos que se tienen y de buscar soluciones para la provincia.<\/strong><strong><\/strong><\/p>\n","protected":false},"excerpt":{"rendered":"<p>El ministro de Hacienda y Finanzas Alejandro Abraam acompa\u00f1\u00f3 la presentaci\u00f3n del nuevo presidente de Ecom Chaco Dr. Adri\u00e1n Veleff y destac\u00f3 los objetivos de la empresa para el crecimiento de la provincia. En una asamblea del directorio de Ecom Chaco, el ministro Alejandro Abraam anunci\u00f3 la designaci\u00f3n del Dr. V\u00edctor Adri\u00e1n Veleff, como nuevo [&hellip;]<\/p>\n","protected":false},"author":2,"featured_media":1964,"comment_status":"open","ping_status":"open","sticky":false,"template":"","format":"standard","meta":{"footnotes":""},"categories":[28],"tags":[],"class_list":{"0":"post-1961","1":"post","2":"type-post","3":"status-publish","4":"format-standard","5":"has-post-thumbnail","7":"category-locales"},"aioseo_notices":[],"_links":{"self":[{"href":"https:\/\/lalupa24.com.ar\/index.php\/wp-json\/wp\/v2\/posts\/1961","targetHints":{"allow":["GET"]}}],"collection":[{"href":"https:\/\/lalupa24.com.ar\/index.php\/wp-json\/wp\/v2\/posts"}],"about":[{"href":"https:\/\/lalupa24.com.ar\/index.php\/wp-json\/wp\/v2\/types\/post"}],"author":[{"embeddable":true,"href":"https:\/\/lalupa24.com.ar\/index.php\/wp-json\/wp\/v2\/users\/2"}],"replies":[{"embeddable":true,"href":"https:\/\/lalupa24.com.ar\/index.php\/wp-json\/wp\/v2\/comments?post=1961"}],"version-history":[{"count":1,"href":"https:\/\/lalupa24.com.ar\/index.php\/wp-json\/wp\/v2\/posts\/1961\/revisions"}],"predecessor-version":[{"id":1965,"href":"https:\/\/lalupa24.com.ar\/index.php\/wp-json\/wp\/v2\/posts\/1961\/revisions\/1965"}],"wp:featuredmedia":[{"embeddable":true,"href":"https:\/\/lalupa24.com.ar\/index.php\/wp-json\/wp\/v2\/media\/1964"}],"wp:attachment":[{"href":"https:\/\/lalupa24.com.ar\/index.php\/wp-json\/wp\/v2\/media?parent=1961"}],"wp:term":[{"taxonomy":"category","embeddable":true,"href":"https:\/\/lalupa24.com.ar\/index.php\/wp-json\/wp\/v2\/categories?post=1961"},{"taxonomy":"post_tag","embeddable":true,"href":"https:\/\/lalupa24.com.ar\/index.php\/wp-json\/wp\/v2\/tags?post=1961"}],"curies":[{"name":"wp","href":"https:\/\/api.w.org\/{rel}","templated":true}]}}