{"id":1981,"date":"2024-09-13T11:42:50","date_gmt":"2024-09-13T14:42:50","guid":{"rendered":"https:\/\/lalupa24.com.ar\/?p=1981"},"modified":"2024-09-13T11:42:52","modified_gmt":"2024-09-13T14:42:52","slug":"riquelme-se-metio-en-el-conflicto-entre-talleres-y-afa-si-yo-hago-lo-que-hizo-fassi","status":"publish","type":"post","link":"https:\/\/lalupa24.com.ar\/index.php\/2024\/09\/13\/riquelme-se-metio-en-el-conflicto-entre-talleres-y-afa-si-yo-hago-lo-que-hizo-fassi\/","title":{"rendered":"Riquelme se meti\u00f3 en el conflicto entre Talleres y AFA: \u201cSi yo hago lo que hizo Fassi\u2026\u201d"},"content":{"rendered":"\n<p>El exfutbolista de Boca habl\u00f3 del VAR, los \u00e1rbitros y el accionar del albiazul.<\/p>\n\n\n\n<p>A seis d\u00edas de la pol\u00e9mica situaci\u00f3n arbitral que estall\u00f3 en una conferencia de prensa de Andr\u00e9s Fassi contra Claudio \u201cChiqui\u201d Tapia,&nbsp;<strong>Juan Rom\u00e1n Riquelme se meti\u00f3 en el conflicto entre&nbsp;Talleres&nbsp;y&nbsp;AFA.<\/strong><a href=\"https:\/\/viapais.com.ar\/cordoba\/talleres-otro-dirigente-influyente-en-afa-arremetio-con-fassi-no-lo-escuche-hablar-de\/\"><\/a><\/p>\n\n\n\n<h2 class=\"wp-block-heading\"><\/h2>\n\n\n\n<p>El Presidente de Boca, rival del club albiazul en los octavos de final de Copa Argentina, se refiri\u00f3 al esc\u00e1ndalo que protagonizaron&nbsp;<strong>Fassi<\/strong>, presidente de Talleres de C\u00f3rdoba, y&nbsp;<strong>Andr\u00e9s Merlos<\/strong>, \u00e1rbitro del encuentro.<\/p>\n\n\n\n<p>Aseis d\u00edas de la pol\u00e9mica situaci\u00f3n arbitral que estall\u00f3 en una conferencia de prensa de Andr\u00e9s Fassi contra Claudio \u201cChiqui\u201d Tapia,&nbsp;<strong>Juan Rom\u00e1n Riquelme se meti\u00f3 en el conflicto entre&nbsp;Talleres&nbsp;y&nbsp;AFA.<\/strong><\/p>\n\n\n\n<figure class=\"wp-block-image\"><img decoding=\"async\" src=\"https:\/\/www.viapais.com.ar\/resizer\/v2\/IOM3J2QSUBCPLMMQTB5BEHC5XE.JPG?quality=75&amp;smart=true&amp;auth=900343dde16eb815173f12f43b18b9d4106da4a0cb1ca2ac86bfcb4f19177c99&amp;width=307&amp;height=173\" alt=\"Talleres: otro dirigente influyente en AFA arremeti\u00f3 con Fassi; \u201cno lo escuch\u00e9 hablar de...\u201d.\"\/><\/figure>\n\n\n\n<p><a href=\"https:\/\/viapais.com.ar\/cordoba\/talleres-otro-dirigente-influyente-en-afa-arremetio-con-fassi-no-lo-escuche-hablar-de\/\"><\/a><\/p>\n\n\n\n<h2 class=\"wp-block-heading\"><\/h2>\n\n\n\n<p>El Presidente de Boca, rival del club albiazul en los octavos de final de Copa Argentina, se refiri\u00f3 al esc\u00e1ndalo que protagonizaron&nbsp;<strong>Fassi<\/strong>, presidente de Talleres de C\u00f3rdoba, y&nbsp;<strong>Andr\u00e9s Merlos<\/strong>, \u00e1rbitro del encuentro.<\/p>\n\n\n\n<figure class=\"wp-block-image\"><img decoding=\"async\" src=\"https:\/\/www.viapais.com.ar\/resizer\/v2\/2OFSXKI44BFTHCAM7HDGAXWKSQ.jpg?auth=6d580a7e4eaf2edc56101db1812e0a656ccc12d1cf5efc9795b25a7cd1d69bdf&amp;width=1300&amp;height=867\" alt=\"Andr\u00e9s Merlos, en medio de una pol\u00e9mica. Fassi denunci\u00f3 que le peg\u00f3 una trompada. (Fotobaires)\"\/><\/figure>\n\n\n\n<h2 class=\"wp-block-heading\"><strong>Riquelme se meti\u00f3 en el conflicto entre Talleres y AFA<\/strong><\/h2>\n\n\n\n<p>\u201c<strong>Si yo hago lo que hizo Fassi, estar\u00eda preso, sigo all\u00e1 en Mendoza<\/strong>. No s\u00e9 qu\u00e9 pas\u00f3, pero si estaba ah\u00ed hubieran hablado tres d\u00edas sobre por qu\u00e9 fui al vestuario del \u00e1rbitro\u201d, dijo el mandatario xeneize, en di\u00e1logo con &nbsp;<em>El Loco y El Cuerdo<\/em>.<\/p>\n","protected":false},"excerpt":{"rendered":"<p>El exfutbolista de Boca habl\u00f3 del VAR, los \u00e1rbitros y el accionar del albiazul. A seis d\u00edas de la pol\u00e9mica situaci\u00f3n arbitral que estall\u00f3 en una conferencia de prensa de Andr\u00e9s Fassi contra Claudio \u201cChiqui\u201d Tapia,&nbsp;Juan Rom\u00e1n Riquelme se meti\u00f3 en el conflicto entre&nbsp;Talleres&nbsp;y&nbsp;AFA. El Presidente de Boca, rival del club albiazul en los octavos [&hellip;]<\/p>\n","protected":false},"author":2,"featured_media":1982,"comment_status":"open","ping_status":"open","sticky":false,"template":"","format":"standard","meta":{"footnotes":""},"categories":[1],"tags":[],"class_list":{"0":"post-1981","1":"post","2":"type-post","3":"status-publish","4":"format-standard","5":"has-post-thumbnail","7":"category-blog"},"aioseo_notices":[],"_links":{"self":[{"href":"https:\/\/lalupa24.com.ar\/index.php\/wp-json\/wp\/v2\/posts\/1981","targetHints":{"allow":["GET"]}}],"collection":[{"href":"https:\/\/lalupa24.com.ar\/index.php\/wp-json\/wp\/v2\/posts"}],"about":[{"href":"https:\/\/lalupa24.com.ar\/index.php\/wp-json\/wp\/v2\/types\/post"}],"author":[{"embeddable":true,"href":"https:\/\/lalupa24.com.ar\/index.php\/wp-json\/wp\/v2\/users\/2"}],"replies":[{"embeddable":true,"href":"https:\/\/lalupa24.com.ar\/index.php\/wp-json\/wp\/v2\/comments?post=1981"}],"version-history":[{"count":1,"href":"https:\/\/lalupa24.com.ar\/index.php\/wp-json\/wp\/v2\/posts\/1981\/revisions"}],"predecessor-version":[{"id":1983,"href":"https:\/\/lalupa24.com.ar\/index.php\/wp-json\/wp\/v2\/posts\/1981\/revisions\/1983"}],"wp:featuredmedia":[{"embeddable":true,"href":"https:\/\/lalupa24.com.ar\/index.php\/wp-json\/wp\/v2\/media\/1982"}],"wp:attachment":[{"href":"https:\/\/lalupa24.com.ar\/index.php\/wp-json\/wp\/v2\/media?parent=1981"}],"wp:term":[{"taxonomy":"category","embeddable":true,"href":"https:\/\/lalupa24.com.ar\/index.php\/wp-json\/wp\/v2\/categories?post=1981"},{"taxonomy":"post_tag","embeddable":true,"href":"https:\/\/lalupa24.com.ar\/index.php\/wp-json\/wp\/v2\/tags?post=1981"}],"curies":[{"name":"wp","href":"https:\/\/api.w.org\/{rel}","templated":true}]}}