{"id":1984,"date":"2024-09-13T11:46:18","date_gmt":"2024-09-13T14:46:18","guid":{"rendered":"https:\/\/lalupa24.com.ar\/?p=1984"},"modified":"2024-09-13T11:46:19","modified_gmt":"2024-09-13T14:46:19","slug":"la-durisima-confesion-del-papa-de-loan-en-el-dia-en-el-que-se-cumplen-3-meses-de-su-desaparicion","status":"publish","type":"post","link":"https:\/\/lalupa24.com.ar\/index.php\/2024\/09\/13\/la-durisima-confesion-del-papa-de-loan-en-el-dia-en-el-que-se-cumplen-3-meses-de-su-desaparicion\/","title":{"rendered":"La dur\u00edsima confesi\u00f3n del pap\u00e1 de Loan en el d\u00eda en el que se cumplen 3 meses de su desaparici\u00f3n."},"content":{"rendered":"\n<p>Este viernes se cumplen tres meses de la desaparici\u00f3n de Loan. Su padre habl\u00f3 sobre el peque\u00f1o e hizo una confesi\u00f3n que desgarra el alma.<\/p>\n\n\n\n<p>H<strong>oy se cumplen tres meses desde la desaparici\u00f3n de&nbsp;Loan<\/strong>, el nene de cinco a\u00f1os fue visto por \u00faltima vez tras un almuerzo familiar en la casa de su abuela en Corrientes. La b\u00fasqueda de Loan ha paralizado al pa\u00eds y generado una profunda angustia en su familia y la comunidad. Sin embargo, 92 d\u00edas despu\u00e9s, la incertidumbre persiste, mientras su padre comparte el dolor que los ha acompa\u00f1ado desde aquel fat\u00eddico d\u00eda.<\/p>\n\n\n\n<h2 class=\"wp-block-heading\">Qu\u00e9 dijo el pap\u00e1 de Loan<\/h2>\n\n\n\n<p>En di\u00e1logo con&nbsp;<em>Cr\u00f3nica<\/em>, el padre de Loan expres\u00f3 el profundo vac\u00edo que sienten a diario: \u201c<strong>Estamos todo el d\u00eda rezando por \u00e9l, busc\u00e1ndole. No tenemos nada, estamos como el d\u00eda cero<\/strong>\u201d, afirm\u00f3. A pesar del paso del tiempo, la familia no pierde la esperanza y contin\u00faa luchando por encontrar una respuesta. \u201cOjal\u00e1 enseguida encontremos una soluci\u00f3n que sea buena\u201d, a\u00f1adi\u00f3 con evidente angustia.<\/p>\n","protected":false},"excerpt":{"rendered":"<p>Este viernes se cumplen tres meses de la desaparici\u00f3n de Loan. Su padre habl\u00f3 sobre el peque\u00f1o e hizo una confesi\u00f3n que desgarra el alma. Hoy se cumplen tres meses desde la desaparici\u00f3n de&nbsp;Loan, el nene de cinco a\u00f1os fue visto por \u00faltima vez tras un almuerzo familiar en la casa de su abuela en [&hellip;]<\/p>\n","protected":false},"author":2,"featured_media":1985,"comment_status":"open","ping_status":"open","sticky":false,"template":"","format":"standard","meta":{"footnotes":""},"categories":[155],"tags":[],"class_list":{"0":"post-1984","1":"post","2":"type-post","3":"status-publish","4":"format-standard","5":"has-post-thumbnail","7":"category-policiales"},"aioseo_notices":[],"_links":{"self":[{"href":"https:\/\/lalupa24.com.ar\/index.php\/wp-json\/wp\/v2\/posts\/1984","targetHints":{"allow":["GET"]}}],"collection":[{"href":"https:\/\/lalupa24.com.ar\/index.php\/wp-json\/wp\/v2\/posts"}],"about":[{"href":"https:\/\/lalupa24.com.ar\/index.php\/wp-json\/wp\/v2\/types\/post"}],"author":[{"embeddable":true,"href":"https:\/\/lalupa24.com.ar\/index.php\/wp-json\/wp\/v2\/users\/2"}],"replies":[{"embeddable":true,"href":"https:\/\/lalupa24.com.ar\/index.php\/wp-json\/wp\/v2\/comments?post=1984"}],"version-history":[{"count":1,"href":"https:\/\/lalupa24.com.ar\/index.php\/wp-json\/wp\/v2\/posts\/1984\/revisions"}],"predecessor-version":[{"id":1986,"href":"https:\/\/lalupa24.com.ar\/index.php\/wp-json\/wp\/v2\/posts\/1984\/revisions\/1986"}],"wp:featuredmedia":[{"embeddable":true,"href":"https:\/\/lalupa24.com.ar\/index.php\/wp-json\/wp\/v2\/media\/1985"}],"wp:attachment":[{"href":"https:\/\/lalupa24.com.ar\/index.php\/wp-json\/wp\/v2\/media?parent=1984"}],"wp:term":[{"taxonomy":"category","embeddable":true,"href":"https:\/\/lalupa24.com.ar\/index.php\/wp-json\/wp\/v2\/categories?post=1984"},{"taxonomy":"post_tag","embeddable":true,"href":"https:\/\/lalupa24.com.ar\/index.php\/wp-json\/wp\/v2\/tags?post=1984"}],"curies":[{"name":"wp","href":"https:\/\/api.w.org\/{rel}","templated":true}]}}