{"id":1990,"date":"2024-09-13T22:16:00","date_gmt":"2024-09-14T01:16:00","guid":{"rendered":"https:\/\/lalupa24.com.ar\/?p=1990"},"modified":"2024-09-14T02:20:06","modified_gmt":"2024-09-14T05:20:06","slug":"el-gobernador-zdero-acompano-el-148-aniversario-de-isla-del-cerrito","status":"publish","type":"post","link":"https:\/\/lalupa24.com.ar\/index.php\/2024\/09\/13\/el-gobernador-zdero-acompano-el-148-aniversario-de-isla-del-cerrito\/","title":{"rendered":"El gobernador Zdero acompa\u00f1\u00f3 el 148\u00b0 aniversario de Isla del Cerrito"},"content":{"rendered":"\n<p>El gobernador Leandro Zdero acompa\u00f1\u00f3 hoy el 148\u00b0 aniversario de la Isla del Cerrito, adem\u00e1s presidi\u00f3 la inauguraci\u00f3n de las refacciones del camping municipal, estuvo en varias dependencias municipales; constat\u00f3 los avances de otras obras; entreg\u00f3 uniformes y una motocicleta para la Polic\u00eda local.<\/p>\n\n\n\n<p>Durante este viernes, acompa\u00f1ado por la Vicegobernadora Silvana Schneider y el intendente Jos\u00e9 Luis Garc\u00eda, el primer mandatario provincial expres\u00f3: \u201cTenemos la decisi\u00f3n desde todas las \u00e1reas de Gobierno de acompa\u00f1ar para que la Isla del Cerrito, vuelva a ser el para\u00edso del Chaco, la perla del Paran\u00e1. Una isla con historia de la cual queremos recuperar ese paisaje natural y el potencial que tiene y de lo que fue pionera en su momento, de preservar nuestros recursos del r\u00edo, como lo es con la \u201cPesca del Dorado con Devoluci\u00f3n\u201d.<\/p>\n\n\n\n<p>Durante el acto aniversario, se entregaron placas a los primeros pobladores; un reconocimiento a la Asociaci\u00f3n Civil de Bomberos Voluntarios N\u00b0942 \u201cGabriel Mendoza\u201d por su 10\u00b0 aniversario y tambi\u00e9n, se entregaron t\u00edtulos de propiedad a familias de la Isla del Cerrito m\u00e1s cuatro constancias de cancelaci\u00f3n, otorgados por el Instituto de Desarrollo Urbano y Vivienda (IPDUV), beneficiando a vecinos que esperaron hasta casi 30 a\u00f1os para adquirir esta documentaci\u00f3n.<\/p>\n\n\n\n<p>Zdero remarc\u00f3 la importancia de celebrar el aniversario de la localidad para \u201cafianzar ese sentido de pertenencia\u201d en cada localidad. \u201cQueremos recuperar la Isla, sus edificios, su esp\u00edritu, y es con trabajo a trav\u00e9s del turismo, emprendedores y con quienes tienen ganas de sacar el Chaco adelante\u201d, dijo. Remarc\u00f3 la importancia de trabajar en conjunto entre el Gobierno Provincial, municipal y la gente para \u201cexplotar las potencialidades que hay en la Isla\u201d, para que la gente disfrute de la gastronom\u00eda, sus espacios verdes, su gente y \u201cdesde el Gobierno estamos convencidos del acompa\u00f1amiento que tenemos que dar a la Isla para que tenga el esplendor que so\u00f1aron los isle\u00f1os y los chaque\u00f1os\u201d.<\/p>\n\n\n\n<p>Por \u00faltimo, el Gobernador se refiri\u00f3 al 20\u00b0 Torneo Internacional de Pesca del Dorado con Devoluci\u00f3n que se realizar\u00e1 en la Isla, \u201ccomo una fiesta extraordinaria\u201d y \u201cun evento que nunca debi\u00f3 haberse dejado de realizar, porque generan conciencia, trabajo, promoci\u00f3n de recursos tur\u00edsticos. Vamos a acompa\u00f1arlos en este evento y durante todo el a\u00f1o porque queremos que la isla tenga presencia todo el a\u00f1o para que la gente venga, conozca y disfrute de lo que disfrutan ustedes todos los d\u00edas\u201d, finaliz\u00f3 Zdero.<\/p>\n\n\n\n<p>Por su parte, el intendente Garc\u00eda agradeci\u00f3 el acompa\u00f1amiento del Gobierno Provincial y celebr\u00f3 la posibilidad de realizar nuevamente la pesca.&nbsp; \u201cEn estos 148 a\u00f1os pasaron tantas cosas, hoy vamos a aprovechar, que tenemos la Pesca del Dorado, que se pudo realizar gracias a distintas \u00e1reas del Gobierno Provincial. Codo a codo nos pusimos a trabajar porque es nuestra isla y tenemos que cuidarla. Invito a todos a trabajarla m\u00e1s que nunca, por un futuro para nuestros hijos y nuestros nietos\u201d, finaliz\u00f3 Garc\u00eda.<\/p>\n\n\n\n<p>Presentes<\/p>\n\n\n\n<p>Participaron de la actividad los ministros de Seguridad, Hugo Matkovich; la secretaria General de la Gobernaci\u00f3n, Carolina Meiri\u00f1o; el presidente del Instituto de Cultura, Mario Zorrilla; la titular del Instituto de Turismo, Ver\u00f3nica Mazzaroli;&nbsp; el presidente de Sameep, Nicol\u00e1s Diez; el presidente del IPDUV, Fernando Berecoechea; el vocal Diego Guti\u00e9rrez; el administrador de la Direcci\u00f3n de Vialidad Provincial (DVP), Omar Canela, la subsecretaria de Lucha contra el narcotr\u00e1fico, Anal\u00eda Ramirez; el Jefe de la Polic\u00eda, Fernando Romero, el diputado provincial Carlos Salom e intendentes de localidades vecinas.<\/p>\n","protected":false},"excerpt":{"rendered":"<p>El gobernador Leandro Zdero acompa\u00f1\u00f3 hoy el 148\u00b0 aniversario de la Isla del Cerrito, adem\u00e1s presidi\u00f3 la inauguraci\u00f3n de las refacciones del camping municipal, estuvo en varias dependencias municipales; constat\u00f3 los avances de otras obras; entreg\u00f3 uniformes y una motocicleta para la Polic\u00eda local. Durante este viernes, acompa\u00f1ado por la Vicegobernadora Silvana Schneider y el [&hellip;]<\/p>\n","protected":false},"author":2,"featured_media":1991,"comment_status":"open","ping_status":"open","sticky":false,"template":"","format":"standard","meta":{"footnotes":""},"categories":[1],"tags":[],"class_list":{"0":"post-1990","1":"post","2":"type-post","3":"status-publish","4":"format-standard","5":"has-post-thumbnail","7":"category-blog"},"aioseo_notices":[],"_links":{"self":[{"href":"https:\/\/lalupa24.com.ar\/index.php\/wp-json\/wp\/v2\/posts\/1990","targetHints":{"allow":["GET"]}}],"collection":[{"href":"https:\/\/lalupa24.com.ar\/index.php\/wp-json\/wp\/v2\/posts"}],"about":[{"href":"https:\/\/lalupa24.com.ar\/index.php\/wp-json\/wp\/v2\/types\/post"}],"author":[{"embeddable":true,"href":"https:\/\/lalupa24.com.ar\/index.php\/wp-json\/wp\/v2\/users\/2"}],"replies":[{"embeddable":true,"href":"https:\/\/lalupa24.com.ar\/index.php\/wp-json\/wp\/v2\/comments?post=1990"}],"version-history":[{"count":1,"href":"https:\/\/lalupa24.com.ar\/index.php\/wp-json\/wp\/v2\/posts\/1990\/revisions"}],"predecessor-version":[{"id":1992,"href":"https:\/\/lalupa24.com.ar\/index.php\/wp-json\/wp\/v2\/posts\/1990\/revisions\/1992"}],"wp:featuredmedia":[{"embeddable":true,"href":"https:\/\/lalupa24.com.ar\/index.php\/wp-json\/wp\/v2\/media\/1991"}],"wp:attachment":[{"href":"https:\/\/lalupa24.com.ar\/index.php\/wp-json\/wp\/v2\/media?parent=1990"}],"wp:term":[{"taxonomy":"category","embeddable":true,"href":"https:\/\/lalupa24.com.ar\/index.php\/wp-json\/wp\/v2\/categories?post=1990"},{"taxonomy":"post_tag","embeddable":true,"href":"https:\/\/lalupa24.com.ar\/index.php\/wp-json\/wp\/v2\/tags?post=1990"}],"curies":[{"name":"wp","href":"https:\/\/api.w.org\/{rel}","templated":true}]}}