{"id":2009,"date":"2024-08-02T08:56:09","date_gmt":"2024-08-02T11:56:09","guid":{"rendered":"https:\/\/lalupa24.com.ar\/?p=2009"},"modified":"2024-09-16T09:00:46","modified_gmt":"2024-09-16T12:00:46","slug":"desde-secheep-informaron-sobre-el-apagon-que-afecto-a-varias-ciudades-de-la-provincia","status":"publish","type":"post","link":"https:\/\/lalupa24.com.ar\/index.php\/2024\/08\/02\/desde-secheep-informaron-sobre-el-apagon-que-afecto-a-varias-ciudades-de-la-provincia\/","title":{"rendered":"Desde secheep informaron sobre el apagon que afecto a varias ciudades de la provincia"},"content":{"rendered":"\n<h5 class=\"wp-block-heading\">Durante la jornada de este viernes se alcanzaron temperaturas de 36,4\u00b0C en S\u00e1enz Pe\u00f1a y de 34,1\u00b0C en Resistencia, seg\u00fan registro del Servicio Meteorol\u00f3gico Nacional en su p\u00e1gina WEB ( https:\/\/www.smn.gob.ar\/ ).&nbsp; Las fuertes r\u00e1fagas de viento norte y una fuerte demanda de energ\u00eda el\u00e9ctrica fueron factores decisivos. De acuerdo a lo informado por CAMMESA en su p\u00e1gina WEB (https:\/\/cammesaweb.cammesa.com\/)<\/h5>\n\n\n\n<p>Transener: A las 13:09 Hs en ET Chaco 500 kV desenganch\u00f3 el Trafo&nbsp; (500\/138\/34.5)kV se\u00f1alizando m\u00e1xima corriente. Se producen 93 MW de cortes. Falla en TV lado de 500 kV, por fuertes vientos en la zona.<\/p>\n\n\n\n<p>En la provincia del Chaco la demanda se encontraba en 308 MW, descendiendo a unos 204 MW como consecuencia de la Salida de servicio de ET Chaco.<\/p>\n\n\n\n<p>Afectando a las localidades de Charata, Las Bre\u00f1as, Pinedo, Corzuela, Gancedo, Campo Largo, Villa Angela, San Bernardo, Villa Berthet, Santa Sylvina, Coronel Du Graty, Juan Jos\u00e9 Castelli , Miraflores, Villa Rio Bermejito, Los Frentones, Pampa del Infierno, Concepci\u00f3n del Bermejo, Avia Terai, Napenai, Presidencia Roque S\u00e1enz Pe\u00f1a, La Tigra y La Clotilde.<\/p>\n\n\n\n<p>13:20 Hs- Se comienza a realizar maniobras de normalizaci\u00f3n a trav\u00e9s de LAT 132kv Plaza \u2013 Quitilipi \u2013 S\u00e1enz Pe\u00f1a y con el aporte de generaci\u00f3n SP1 y CH, coordinando adem\u00e1s maniobras de barra pasante en ET Chaco con TRANSENER.<\/p>\n\n\n\n<p>15:00 Hs- Se normalizaron aproximadamente el 40% de los cortes totales, priorizando las localidades de Presidencia Roque S\u00e1enz Pe\u00f1a, y los distribuidores que brindan servicio a los centros de salud en las localidades de Villa \u00c1ngela, Charata, Pampa de infierno, San Bernardo, J. J. Castelli<\/p>\n\n\n\n<p>16:25 Hs- Se normalizan distribuidores en un 30% del corte total en distintas localidades.<\/p>\n\n\n\n<p>16:36 Hs- Se tensiona el Trafo de ET Chaco, comenzando maniobras de normalizaci\u00f3n, personal de la empresa sigue recorriendo l\u00edneas con fallas por fuertes vientos, con apertura antes de la salida de servicio de ET Chaco.<a href=\"https:\/\/chaco.gob.ar\/noticia-reiteran-adherirse-al-subsidio-a-la-tarifa-electrica-para-atenuar-aumentos-de-nacion-2024-08-23-08-32\"><\/a><\/p>\n","protected":false},"excerpt":{"rendered":"<p>Durante la jornada de este viernes se alcanzaron temperaturas de 36,4\u00b0C en S\u00e1enz Pe\u00f1a y de 34,1\u00b0C en Resistencia, seg\u00fan registro del Servicio Meteorol\u00f3gico Nacional en su p\u00e1gina WEB ( https:\/\/www.smn.gob.ar\/ ).&nbsp; Las fuertes r\u00e1fagas de viento norte y una fuerte demanda de energ\u00eda el\u00e9ctrica fueron factores decisivos. De acuerdo a lo informado por CAMMESA [&hellip;]<\/p>\n","protected":false},"author":2,"featured_media":2010,"comment_status":"open","ping_status":"open","sticky":false,"template":"","format":"standard","meta":{"footnotes":""},"categories":[27],"tags":[],"class_list":{"0":"post-2009","1":"post","2":"type-post","3":"status-publish","4":"format-standard","5":"has-post-thumbnail","7":"category-interior"},"aioseo_notices":[],"_links":{"self":[{"href":"https:\/\/lalupa24.com.ar\/index.php\/wp-json\/wp\/v2\/posts\/2009","targetHints":{"allow":["GET"]}}],"collection":[{"href":"https:\/\/lalupa24.com.ar\/index.php\/wp-json\/wp\/v2\/posts"}],"about":[{"href":"https:\/\/lalupa24.com.ar\/index.php\/wp-json\/wp\/v2\/types\/post"}],"author":[{"embeddable":true,"href":"https:\/\/lalupa24.com.ar\/index.php\/wp-json\/wp\/v2\/users\/2"}],"replies":[{"embeddable":true,"href":"https:\/\/lalupa24.com.ar\/index.php\/wp-json\/wp\/v2\/comments?post=2009"}],"version-history":[{"count":1,"href":"https:\/\/lalupa24.com.ar\/index.php\/wp-json\/wp\/v2\/posts\/2009\/revisions"}],"predecessor-version":[{"id":2011,"href":"https:\/\/lalupa24.com.ar\/index.php\/wp-json\/wp\/v2\/posts\/2009\/revisions\/2011"}],"wp:featuredmedia":[{"embeddable":true,"href":"https:\/\/lalupa24.com.ar\/index.php\/wp-json\/wp\/v2\/media\/2010"}],"wp:attachment":[{"href":"https:\/\/lalupa24.com.ar\/index.php\/wp-json\/wp\/v2\/media?parent=2009"}],"wp:term":[{"taxonomy":"category","embeddable":true,"href":"https:\/\/lalupa24.com.ar\/index.php\/wp-json\/wp\/v2\/categories?post=2009"},{"taxonomy":"post_tag","embeddable":true,"href":"https:\/\/lalupa24.com.ar\/index.php\/wp-json\/wp\/v2\/tags?post=2009"}],"curies":[{"name":"wp","href":"https:\/\/api.w.org\/{rel}","templated":true}]}}