{"id":2012,"date":"2024-08-03T09:00:50","date_gmt":"2024-08-03T12:00:50","guid":{"rendered":"https:\/\/lalupa24.com.ar\/?p=2012"},"modified":"2024-09-16T09:02:38","modified_gmt":"2024-09-16T12:02:38","slug":"el-instituto-del-deporte-chaqueno-en-el-mes-de-las-infancias","status":"publish","type":"post","link":"https:\/\/lalupa24.com.ar\/index.php\/2024\/08\/03\/el-instituto-del-deporte-chaqueno-en-el-mes-de-las-infancias\/","title":{"rendered":"El instituto del deporte chaque\u00f1o en el mes de las infancias"},"content":{"rendered":"\n<p>Estuvieron presentes el presidente y vicepresidente del Instituto del Deporte Chaque\u00f1o, profesor Fabio V\u00e1zquez y profesor Gabriel Pellegrini, la ministra de Desarrollo Humano Carina Botteri Dissoff, el Instituto de Cultura, la vicepresidente Daniela Valdez; Lucas Apud Massin, presidente de Loter\u00eda Chaque\u00f1a; y el subsecretario de Ni\u00f1ez , Adolescencia, Familia y Adultos Mayores, Fernando Samudio.<br>La jornada dio comienzo con una variedad de actividades como el mini v\u00f3ley , encuentro de f\u00fatbol, juegos recreativos y l\u00fadicos, la presentaci\u00f3n del grupo de Chiki gym del IDCH, n\u00fameros art\u00edsticos y cerraron este gran dia con una gran chocolatada que fue servida por el Ej\u00e9rcito Argentino para todos los presentes.\u00a0<br>Durante todo el mes de agosto se llevar\u00e1n adelante una serie de actividades abiertas a toda la comunidad, donde se pretende visibilizar y reconocer las distintas maneras de vivir la ni\u00f1ez y la adolescencia. \u00a0<br>Recordamos que las pr\u00f3ximas fechas de este gran evento ser\u00e1n el 10\/08, 17\/08, 18\/08, 24\/08 y el gran cierre se prepara para el 31\/08, en el Parque de la Democracia.<br>El presidente del IDCH, Fabio V\u00e1zquez manifest\u00f3: \u201cEstos eventos se tienen que seguir replicando en el interior de nuestra provincia para que los ni\u00f1os encuentren un espacio de contenci\u00f3n y diversi\u00f3n, estamos en territorio tal y como nos pide el gobernador Leandro Zdero\u201d.<\/p>\n","protected":false},"excerpt":{"rendered":"<p>Estuvieron presentes el presidente y vicepresidente del Instituto del Deporte Chaque\u00f1o, profesor Fabio V\u00e1zquez y profesor Gabriel Pellegrini, la ministra de Desarrollo Humano Carina Botteri Dissoff, el Instituto de Cultura, la vicepresidente Daniela Valdez; Lucas Apud Massin, presidente de Loter\u00eda Chaque\u00f1a; y el subsecretario de Ni\u00f1ez , Adolescencia, Familia y Adultos Mayores, Fernando Samudio.La jornada [&hellip;]<\/p>\n","protected":false},"author":2,"featured_media":2013,"comment_status":"open","ping_status":"open","sticky":false,"template":"","format":"standard","meta":{"footnotes":""},"categories":[1],"tags":[],"class_list":{"0":"post-2012","1":"post","2":"type-post","3":"status-publish","4":"format-standard","5":"has-post-thumbnail","7":"category-blog"},"aioseo_notices":[],"_links":{"self":[{"href":"https:\/\/lalupa24.com.ar\/index.php\/wp-json\/wp\/v2\/posts\/2012","targetHints":{"allow":["GET"]}}],"collection":[{"href":"https:\/\/lalupa24.com.ar\/index.php\/wp-json\/wp\/v2\/posts"}],"about":[{"href":"https:\/\/lalupa24.com.ar\/index.php\/wp-json\/wp\/v2\/types\/post"}],"author":[{"embeddable":true,"href":"https:\/\/lalupa24.com.ar\/index.php\/wp-json\/wp\/v2\/users\/2"}],"replies":[{"embeddable":true,"href":"https:\/\/lalupa24.com.ar\/index.php\/wp-json\/wp\/v2\/comments?post=2012"}],"version-history":[{"count":1,"href":"https:\/\/lalupa24.com.ar\/index.php\/wp-json\/wp\/v2\/posts\/2012\/revisions"}],"predecessor-version":[{"id":2014,"href":"https:\/\/lalupa24.com.ar\/index.php\/wp-json\/wp\/v2\/posts\/2012\/revisions\/2014"}],"wp:featuredmedia":[{"embeddable":true,"href":"https:\/\/lalupa24.com.ar\/index.php\/wp-json\/wp\/v2\/media\/2013"}],"wp:attachment":[{"href":"https:\/\/lalupa24.com.ar\/index.php\/wp-json\/wp\/v2\/media?parent=2012"}],"wp:term":[{"taxonomy":"category","embeddable":true,"href":"https:\/\/lalupa24.com.ar\/index.php\/wp-json\/wp\/v2\/categories?post=2012"},{"taxonomy":"post_tag","embeddable":true,"href":"https:\/\/lalupa24.com.ar\/index.php\/wp-json\/wp\/v2\/tags?post=2012"}],"curies":[{"name":"wp","href":"https:\/\/api.w.org\/{rel}","templated":true}]}}