{"id":2036,"date":"2024-08-11T09:20:45","date_gmt":"2024-08-11T12:20:45","guid":{"rendered":"https:\/\/lalupa24.com.ar\/?p=2036"},"modified":"2024-09-16T09:24:51","modified_gmt":"2024-09-16T12:24:51","slug":"pampa-del-indio-celebro-sus-77-anos-con-nuevas-obras","status":"publish","type":"post","link":"https:\/\/lalupa24.com.ar\/index.php\/2024\/08\/11\/pampa-del-indio-celebro-sus-77-anos-con-nuevas-obras\/","title":{"rendered":"Pampa del Indio celebro sus 77 a\u00f1os con nuevas obras"},"content":{"rendered":"\n<p>El gobernador Leandro Zdero encabez\u00f3 anoche el aniversario 77\u00b0 de Pampa del Indio junto a la vicegobernadora Silvana Schneider y al intendente local Gustavo Karasiuk. Antes de la celebraci\u00f3n central, las autoridades provinciales inauguraron importantes obras: un destacamento policial (pueblo viejo) un centro de monitoreo con 10 c\u00e1maras de video vigilancia y la entrega de una motocicleta cero km; la construcci\u00f3n de un nuevo edificio de un Templo evang\u00e9lico, en el Paraje Campo Medina; remodelaci\u00f3n de la Iglesia Jes\u00fas Sacramentado y el nuevo edificio del Concejo Deliberante.<\/p>\n\n\n\n<p>En el marco de este nuevo aniversario, de Pampa del Indio, el Gobernador expres\u00f3 en su discurso: \u201cMuy felices de acompa\u00f1arlos en esta fecha, porque debemos recuperar el sentido de pertenencia al lugar donde elegimos vivir, donde nacimos, donde desarrollamos las actividades y nuestras vidas. Pero fundamentalmente, porque cada rinconcito del Chaco es parte de la gran familia de todos y cada uno de los chaque\u00f1os; en ese sentido, decirles que tenemos la firme convicci\u00f3n y el compromiso de acompa\u00f1arlos en esta nueva etapa que hemos decidido transitar los chaque\u00f1os con convicci\u00f3n y con la firme determinaci\u00f3n de que este nuevo tiempo necesita recuperar valores como el sentido de la solidaridad, la preocupaci\u00f3n por el otro. Y si hay algo que tenemos que recuperar todos y cada uno de los chaque\u00f1os es el respeto porque estamos en nuevo tiempo en el Chaco para construir, entre todos, y lograr igualdad de oportunidades en cada rinc\u00f3n de la provincia\u201d.\u00a0<br>Sobre el trabajo mancomunado entre el Ejecutivo y el municipio local, Zdero agreg\u00f3: \u201cDe mi parte, el firme compromiso de que van a tener un gobernador y un gobierno que seguir\u00e1 trabajando espalda con espalda, sin especulaciones ni miramientos partidarios, porque el tiempo que se viene es de oportunidades, de abrazar la esperanza para que nos unamos y transitemos un camino de prosperidad, unidad y crecimiento para todos los chaque\u00f1os\u201d.\u00a0<br>Por su parte, *el intendente local Gustavo Karasiuk, se mostr\u00f3 muy agradecido por la presencia del Gobernador* y por las obras que beneficiar\u00e1n a la localidad \u201cmuy contento por tenerlo al Gobernador, por acompa\u00f1arnos en estos 77 a\u00f1os, de vida institucional de Pampa del Indio, con inauguraciones y obras para nuestra comunidad. Esperemos que se sienta a gusto, *tiene un pueblo que est\u00e1 en pleno crecimiento y vamos a acompa\u00f1arlo* para que Pampa del Indio se siga desarrollando\u201d.<br>Acompa\u00f1aron el acto aniversario: funcionarios del gobierno provincial; legisladores provinciales; intendentes; concejales; instituciones y vecinos de la zona.<\/p>\n","protected":false},"excerpt":{"rendered":"<p>El gobernador Leandro Zdero encabez\u00f3 anoche el aniversario 77\u00b0 de Pampa del Indio junto a la vicegobernadora Silvana Schneider y al intendente local Gustavo Karasiuk. Antes de la celebraci\u00f3n central, las autoridades provinciales inauguraron importantes obras: un destacamento policial (pueblo viejo) un centro de monitoreo con 10 c\u00e1maras de video vigilancia y la entrega de [&hellip;]<\/p>\n","protected":false},"author":2,"featured_media":2037,"comment_status":"open","ping_status":"open","sticky":false,"template":"","format":"standard","meta":{"footnotes":""},"categories":[27],"tags":[],"class_list":{"0":"post-2036","1":"post","2":"type-post","3":"status-publish","4":"format-standard","5":"has-post-thumbnail","7":"category-interior"},"aioseo_notices":[],"_links":{"self":[{"href":"https:\/\/lalupa24.com.ar\/index.php\/wp-json\/wp\/v2\/posts\/2036","targetHints":{"allow":["GET"]}}],"collection":[{"href":"https:\/\/lalupa24.com.ar\/index.php\/wp-json\/wp\/v2\/posts"}],"about":[{"href":"https:\/\/lalupa24.com.ar\/index.php\/wp-json\/wp\/v2\/types\/post"}],"author":[{"embeddable":true,"href":"https:\/\/lalupa24.com.ar\/index.php\/wp-json\/wp\/v2\/users\/2"}],"replies":[{"embeddable":true,"href":"https:\/\/lalupa24.com.ar\/index.php\/wp-json\/wp\/v2\/comments?post=2036"}],"version-history":[{"count":1,"href":"https:\/\/lalupa24.com.ar\/index.php\/wp-json\/wp\/v2\/posts\/2036\/revisions"}],"predecessor-version":[{"id":2038,"href":"https:\/\/lalupa24.com.ar\/index.php\/wp-json\/wp\/v2\/posts\/2036\/revisions\/2038"}],"wp:featuredmedia":[{"embeddable":true,"href":"https:\/\/lalupa24.com.ar\/index.php\/wp-json\/wp\/v2\/media\/2037"}],"wp:attachment":[{"href":"https:\/\/lalupa24.com.ar\/index.php\/wp-json\/wp\/v2\/media?parent=2036"}],"wp:term":[{"taxonomy":"category","embeddable":true,"href":"https:\/\/lalupa24.com.ar\/index.php\/wp-json\/wp\/v2\/categories?post=2036"},{"taxonomy":"post_tag","embeddable":true,"href":"https:\/\/lalupa24.com.ar\/index.php\/wp-json\/wp\/v2\/tags?post=2036"}],"curies":[{"name":"wp","href":"https:\/\/api.w.org\/{rel}","templated":true}]}}