{"id":2052,"date":"2024-08-16T09:36:18","date_gmt":"2024-08-16T12:36:18","guid":{"rendered":"https:\/\/lalupa24.com.ar\/?p=2052"},"modified":"2024-09-16T09:38:59","modified_gmt":"2024-09-16T12:38:59","slug":"el-gobierno-fortalece-la-campana-de-inscripcion-al-subsidio-energetico","status":"publish","type":"post","link":"https:\/\/lalupa24.com.ar\/index.php\/2024\/08\/16\/el-gobierno-fortalece-la-campana-de-inscripcion-al-subsidio-energetico\/","title":{"rendered":"El gobierno fortalece la campa\u00f1a de inscripci\u00f3n al subsidio energetico"},"content":{"rendered":"\n<p><strong>Hoy se llev\u00f3 a cabo una capacitaci\u00f3n fundamental en el Sal\u00f3n Obligado de la Casa de Gobierno, dirigida a todos los intendentes y agentes designados de la provincia del Chaco, con el objetivo de coordinar esfuerzos en la campa\u00f1a de inscripci\u00f3n al subsidio energ\u00e9tico. El evento fue encabezado por el ministro de Infraestructura, Obras y Servicios P\u00fablicos, Ing. Hugo Dom\u00ednguez, junto con el presidente de Secheep, Jos\u00e9 Bistoletti, y el subsecretario de Energ\u00eda, Ing. Joaqu\u00edn Sabadini.<\/strong><br>Durante la capacitaci\u00f3n, el Ing. Gabriel S\u00e1enz, director de Planificaci\u00f3n y Control Energ\u00e9tico, fue el encargado de presentar las estrategias a seguir para asegurar que todos los usuarios residenciales del servicio el\u00e9ctrico se inscriban en el Registro de Acceso al Subsidio Energ\u00e9tico (RASE). Esta acci\u00f3n es crucial para garantizar que los hogares chaque\u00f1os con menores ingresos reciban el subsidio necesario que aliviar\u00e1 el impacto en sus facturas de electricidad.<br>\u201cNo queremos que ning\u00fan vecino chaque\u00f1o, que pudiera acceder a este subsidio, no lo haga por desconocimiento o por no realizar los tr\u00e1mites en tiempo y forma. De esto se trata esta capacitaci\u00f3n, de brindarles las herramientas para que puedan ayudar a cada uno de los ciudadanos\u201d- declar\u00f3 el ministro.<\/p>\n\n\n\n<p><strong>Detalles del Subsidio<\/strong><br>El subsidio energ\u00e9tico, implementado por el gobierno nacional a trav\u00e9s del decreto 332\/2022, est\u00e1 segmentado en tres niveles seg\u00fan los ingresos de los hogares:<br>Nivel 1 (Ingresos Elevados): Hogares con ingresos mensuales superiores a 3,5 canastas b\u00e1sicas, que no reciben subsidios.<br>Nivel 2 (Ingresos Bajos): Hogares con ingresos menores a una canasta b\u00e1sica total, que reciben un subsidio del 71,92% hasta 700 kWh mensuales.<br>Nivel 3 (Ingresos Medios): Hogares con ingresos entre 1 y 3,5 canastas b\u00e1sicas, que reciben un subsidio del 55,94% hasta 500 kWh mensuales.<br>El ministro Hugo Dom\u00ednguez destac\u00f3 la importancia de la colaboraci\u00f3n entre la provincia y los municipios para garantizar que todos los usuarios puedan inscribirse. &#8220;La participaci\u00f3n activa de los intendentes es crucial para que esta campa\u00f1a llegue a cada rinc\u00f3n de la provincia, especialmente a aquellos ciudadanos que enfrentan barreras tecnol\u00f3gicas o falta de conocimiento para realizar el tr\u00e1mite en l\u00ednea&#8221;, afirm\u00f3.<br><strong>Para facilitar la inscripci\u00f3n, se est\u00e1n estableciendo puntos de acceso en los municipios, con personal capacitado y equipos inform\u00e1ticos disponibles para asistir a los ciudadanos en el proceso de inscripci\u00f3n digital.<\/strong><br>Se advirti\u00f3 a los intendentes sobre las graves consecuencias para los usuarios que no completen el tr\u00e1mite a tiempo, ya que perder\u00edan el subsidio y enfrentar\u00edan un aumento en sus facturas de electricidad de hasta un 179%.<\/p>\n\n\n\n<p><strong>Requisitos para la Inscripci\u00f3n<\/strong><br>Los ciudadanos deben presentar los siguientes documentos para inscribirse:<br>Factura del servicio el\u00e9ctrico.<br>DNI del titular de la factura.<br>N\u00famero de CUIL de todos los integrantes mayores de 18 a\u00f1os del grupo familiar.<br>Declaraci\u00f3n de ingresos de cada integrante mayor de 18 a\u00f1os.<br>Una direcci\u00f3n de correo electr\u00f3nico y un n\u00famero de tel\u00e9fono celular.<\/p>\n","protected":false},"excerpt":{"rendered":"<p>Hoy se llev\u00f3 a cabo una capacitaci\u00f3n fundamental en el Sal\u00f3n Obligado de la Casa de Gobierno, dirigida a todos los intendentes y agentes designados de la provincia del Chaco, con el objetivo de coordinar esfuerzos en la campa\u00f1a de inscripci\u00f3n al subsidio energ\u00e9tico. El evento fue encabezado por el ministro de Infraestructura, Obras y [&hellip;]<\/p>\n","protected":false},"author":2,"featured_media":2053,"comment_status":"open","ping_status":"open","sticky":false,"template":"","format":"standard","meta":{"footnotes":""},"categories":[28],"tags":[],"class_list":{"0":"post-2052","1":"post","2":"type-post","3":"status-publish","4":"format-standard","5":"has-post-thumbnail","7":"category-locales"},"aioseo_notices":[],"_links":{"self":[{"href":"https:\/\/lalupa24.com.ar\/index.php\/wp-json\/wp\/v2\/posts\/2052","targetHints":{"allow":["GET"]}}],"collection":[{"href":"https:\/\/lalupa24.com.ar\/index.php\/wp-json\/wp\/v2\/posts"}],"about":[{"href":"https:\/\/lalupa24.com.ar\/index.php\/wp-json\/wp\/v2\/types\/post"}],"author":[{"embeddable":true,"href":"https:\/\/lalupa24.com.ar\/index.php\/wp-json\/wp\/v2\/users\/2"}],"replies":[{"embeddable":true,"href":"https:\/\/lalupa24.com.ar\/index.php\/wp-json\/wp\/v2\/comments?post=2052"}],"version-history":[{"count":1,"href":"https:\/\/lalupa24.com.ar\/index.php\/wp-json\/wp\/v2\/posts\/2052\/revisions"}],"predecessor-version":[{"id":2054,"href":"https:\/\/lalupa24.com.ar\/index.php\/wp-json\/wp\/v2\/posts\/2052\/revisions\/2054"}],"wp:featuredmedia":[{"embeddable":true,"href":"https:\/\/lalupa24.com.ar\/index.php\/wp-json\/wp\/v2\/media\/2053"}],"wp:attachment":[{"href":"https:\/\/lalupa24.com.ar\/index.php\/wp-json\/wp\/v2\/media?parent=2052"}],"wp:term":[{"taxonomy":"category","embeddable":true,"href":"https:\/\/lalupa24.com.ar\/index.php\/wp-json\/wp\/v2\/categories?post=2052"},{"taxonomy":"post_tag","embeddable":true,"href":"https:\/\/lalupa24.com.ar\/index.php\/wp-json\/wp\/v2\/tags?post=2052"}],"curies":[{"name":"wp","href":"https:\/\/api.w.org\/{rel}","templated":true}]}}