{"id":2085,"date":"2024-09-16T10:04:58","date_gmt":"2024-09-16T13:04:58","guid":{"rendered":"https:\/\/lalupa24.com.ar\/?p=2085"},"modified":"2024-09-16T10:04:59","modified_gmt":"2024-09-16T13:04:59","slug":"nikisch-el-intendente-con-peor-imagen-de-una-ciudad-capital-en-el-pais","status":"publish","type":"post","link":"https:\/\/lalupa24.com.ar\/index.php\/2024\/09\/16\/nikisch-el-intendente-con-peor-imagen-de-una-ciudad-capital-en-el-pais\/","title":{"rendered":"Nikisch, el intendente con peor imagen de una ciudad capital en el pa\u00eds"},"content":{"rendered":"\n<p><br>A diez meses de su mandato, la imagen del jefe comunal de Resistencia, Roy Nikisch, est\u00e1 en franca ca\u00edda, seg\u00fan la consultora nacional de opini\u00f3n p\u00fablica CB. El estudio mensual realizado sobre mandatarios provinciales y comunales de todo el pa\u00eds muestra al intendente de la capital chaque\u00f1a, en septiembre, con una ca\u00edda del 4,1%, ubic\u00e1ndose en los \u00faltimos puestos del ranking junto a otras ciudades con un 38,3%, siendo el mandatario con peor imagen de una capital provincial, s\u00f3lo superado por Pablo Grasso, de R\u00edo Gallegos, con 37,2%; y Walter Cort\u00e9s, de Bariloche, con un 36,8%.<br>Desde sus comienzos, la gesti\u00f3n Nikisch arranc\u00f3 con pol\u00e9mica con acusaciones cruzadas con la gesti\u00f3n anterior y el despido de 432 trabajadores de planta permanente que reclaman su reincorporaci\u00f3n en la vereda del municipio desde marzo. El caso fue llevado a la Sala Primera de la C\u00e1mara Contencioso Administrativa a cargo de la jueza Natalia Prato, hasta la fecha sin avances.<br>Estas personas se encuentran en un limbo. No cobran su sueldo, no se realizan aportes, no poseen cobertura social, pero figuran como integrantes del personal de planta de la Municipalidad, por lo que no pueden acceder a ning\u00fan beneficio social (como la AUH) ni acceder a otro contrato en otro lugar por incompatibilidad.<br>Adem\u00e1s, dentro del 432 despedidos se encontraban mujeres cursando sus licencias por maternidad y embarazadas, tambi\u00e9n en licencia o que hab\u00edan informado su situaci\u00f3n. Ellas supuestamente tienen la protecci\u00f3n de no ser despedidas al menos hasta terminar la licencia por maternidad.<\/p>\n\n\n\n<p><em>\u00bfFalta de transparencia?<\/em><br>Los concejales de la oposici\u00f3n reclaman falta de informaci\u00f3n importante en el convenio de firmado entre la Municipalidad y Vialidad Provincial para el bacheo y arreglo de calles, lo cual compromete las arcas del municipio en m\u00e1s $6 mil millones, sin documentaci\u00f3n que sustente c\u00f3mo se va a rendir, qu\u00e9 lugares se van a intervenir y en qu\u00e9 tiempo se van a terminar las obras.<br>A esto se le suma la ordenanza denominada Leg\u00edtimo Abono, aprobada por los concejales oficialistas, la cual pretend\u00eda que el Concejo Municipal habilite el pago a proveedores por supuestas deudas, sin la documentaci\u00f3n respaldatoria que el Tribunal de Cuentas de la provincia neg\u00f3 el pago ante un pedido de informe presentado por la oposici\u00f3n.<\/p>\n","protected":false},"excerpt":{"rendered":"<p>A diez meses de su mandato, la imagen del jefe comunal de Resistencia, Roy Nikisch, est\u00e1 en franca ca\u00edda, seg\u00fan la consultora nacional de opini\u00f3n p\u00fablica CB. El estudio mensual realizado sobre mandatarios provinciales y comunales de todo el pa\u00eds muestra al intendente de la capital chaque\u00f1a, en septiembre, con una ca\u00edda del 4,1%, ubic\u00e1ndose [&hellip;]<\/p>\n","protected":false},"author":2,"featured_media":2086,"comment_status":"open","ping_status":"open","sticky":false,"template":"","format":"standard","meta":{"footnotes":""},"categories":[28],"tags":[],"class_list":{"0":"post-2085","1":"post","2":"type-post","3":"status-publish","4":"format-standard","5":"has-post-thumbnail","7":"category-locales"},"aioseo_notices":[],"_links":{"self":[{"href":"https:\/\/lalupa24.com.ar\/index.php\/wp-json\/wp\/v2\/posts\/2085","targetHints":{"allow":["GET"]}}],"collection":[{"href":"https:\/\/lalupa24.com.ar\/index.php\/wp-json\/wp\/v2\/posts"}],"about":[{"href":"https:\/\/lalupa24.com.ar\/index.php\/wp-json\/wp\/v2\/types\/post"}],"author":[{"embeddable":true,"href":"https:\/\/lalupa24.com.ar\/index.php\/wp-json\/wp\/v2\/users\/2"}],"replies":[{"embeddable":true,"href":"https:\/\/lalupa24.com.ar\/index.php\/wp-json\/wp\/v2\/comments?post=2085"}],"version-history":[{"count":1,"href":"https:\/\/lalupa24.com.ar\/index.php\/wp-json\/wp\/v2\/posts\/2085\/revisions"}],"predecessor-version":[{"id":2087,"href":"https:\/\/lalupa24.com.ar\/index.php\/wp-json\/wp\/v2\/posts\/2085\/revisions\/2087"}],"wp:featuredmedia":[{"embeddable":true,"href":"https:\/\/lalupa24.com.ar\/index.php\/wp-json\/wp\/v2\/media\/2086"}],"wp:attachment":[{"href":"https:\/\/lalupa24.com.ar\/index.php\/wp-json\/wp\/v2\/media?parent=2085"}],"wp:term":[{"taxonomy":"category","embeddable":true,"href":"https:\/\/lalupa24.com.ar\/index.php\/wp-json\/wp\/v2\/categories?post=2085"},{"taxonomy":"post_tag","embeddable":true,"href":"https:\/\/lalupa24.com.ar\/index.php\/wp-json\/wp\/v2\/tags?post=2085"}],"curies":[{"name":"wp","href":"https:\/\/api.w.org\/{rel}","templated":true}]}}