{"id":2088,"date":"2024-09-16T00:05:00","date_gmt":"2024-09-16T03:05:00","guid":{"rendered":"https:\/\/lalupa24.com.ar\/?p=2088"},"modified":"2024-09-16T10:08:13","modified_gmt":"2024-09-16T13:08:13","slug":"valiosa-experiencia-de-los-emprendedores-resistencianos-en-corrientes-con-la-ferias-conectadas","status":"publish","type":"post","link":"https:\/\/lalupa24.com.ar\/index.php\/2024\/09\/16\/valiosa-experiencia-de-los-emprendedores-resistencianos-en-corrientes-con-la-ferias-conectadas\/","title":{"rendered":"Valiosa experiencia de los emprendedores resistencianos en corrientes con la &#8220;Ferias conectadas&#8221;"},"content":{"rendered":"\n<p><\/p>\n\n\n\n<p>La primera edici\u00f3n del programa \u201cFerias conectadas\u201d, reuni\u00f3 a emprendedores de Resistencia con los correntinos en el espacio Arazaty de la vecina ciudad. 15 feriantes de la capital tuvieron la oportunidad de dar a conocer y comercializar sus productos en la zona de la costanera. El pr\u00f3ximo 6 de octubre se realizar\u00e1 el segundo encuentro, pero ahora en la Plaza 25 de Mayo en tierras chaque\u00f1as.<\/p>\n\n\n\n<p>Alicia Rodr\u00edguez Moore es propietaria de la joyer\u00eda artesanal \u201cRina Moore\u201d, quien desde 6 a\u00f1os apuesta a este emprendimiento con dise\u00f1os en distintos tipos de metales. \u201cCon el Municipio estoy desde siempre, genera oportunidades a trav\u00e9s de este tipo de eventos, como interactuar con la ciudad de Corrientes\u201d, observ\u00f3.<\/p>\n\n\n\n<p>\u201cHay mucho movimiento, esto permite conocer nuestros trabajos artesanales, este es mi fuente de ingreso, es un emprendimiento familiar y vamos aprendiendo nuevas t\u00e9cnicas\u201d, asever\u00f3.<\/p>\n\n\n\n<p>Tatiana y Henry son una pareja de emprendedores dedicada a la producci\u00f3n de objetos de dise\u00f1o en concreto denominado \u201cNaturaleza geom\u00e9trica\u201d. \u201cEs una actividad que comenz\u00f3 como recreativa y se convirti\u00f3 en nuestro principal ingreso\u201d.<\/p>\n\n\n\n<p>\u201cEstamos desde 2019 y esto es buen\u00edsimo, una gran oportunidad, antes intent\u00e1bamos venir a Corrientes pero no pod\u00edamos, pero ahora el Municipio de Resistencia nos ahorr\u00f3 ese paso\u201d, destac\u00f3.<\/p>\n\n\n\n<p>Emilio Chezzi, junto a Florencia Torales, es ceramista, profesor de arte y maestro de artes visuales y estuvo en Corrientes exponiendo sus obras. \u201cEs la primera vez en este espacio, entend\u00ed lo que es el p\u00fablico correntino, muy amable y este emprendimiento es muy necesario, brinda la oportunidad a mucha gente de tener una salida laboral\u201d.<\/p>\n\n\n\n<p>Guillermo Grimaldi, director de Fortalecimiento Productivo de Corrientes, reconoci\u00f3 \u201cestar muy contento con la convocatoria de personas, hubo visitantes de distintas regiones, este es nuestro primer encuentro con Resistencia a trav\u00e9s del programa Ferias Conectadas y es un \u00e9xito\u201d.<\/p>\n\n\n\n<p>Franco Ingaramo, secretario de Desarrollo Econ\u00f3mico de la misma ciudad, consider\u00f3 que este encuentro \u201ctuvo un nivel de aceptaci\u00f3n muy alto, no solo feriantes sino de gente, encima con un clima incre\u00edble\u201d.<\/p>\n\n\n\n<p>\u201cSe hizo una gran inversi\u00f3n, con los ciudadanos disfrutando, articulando estas ferias en conjunto con Resistencia y que ahora nos tocar\u00e1 ir hacia all\u00e1\u201d, agreg\u00f3.<\/p>\n\n\n\n<p>Adriana Alem es la coordinadora de Econom\u00eda Social de Resistencia y cont\u00f3 que \u201ces una idea gestionada por la Secretar\u00eda de Desarrollo Humano con el municipio de Corrientes, dar a conocer lo que producen nuestros emprendedores y, a su vez, intercambien saberes con los correntinos\u201d.<\/p>\n\n\n\n<p>En tanto, el secretario de Desarrollo Humano municipal de la capital chaque\u00f1a, Pablo Mujica, dijo que \u201ciniciamos ambas ciudades esta experiencia, de la cual seremos rec\u00edprocos el pr\u00f3ximo 6 de octubre\u201d.<\/p>\n\n\n\n<p>\u201cEstas ferias conectadas continuar\u00e1n en el tiempo, que se haga costumbre, se generen redes y espacios de comercializaci\u00f3n propios\u201d, subray\u00f3.<\/p>\n","protected":false},"excerpt":{"rendered":"<p>La primera edici\u00f3n del programa \u201cFerias conectadas\u201d, reuni\u00f3 a emprendedores de Resistencia con los correntinos en el espacio Arazaty de la vecina ciudad. 15 feriantes de la capital tuvieron la oportunidad de dar a conocer y comercializar sus productos en la zona de la costanera. El pr\u00f3ximo 6 de octubre se realizar\u00e1 el segundo encuentro, [&hellip;]<\/p>\n","protected":false},"author":2,"featured_media":2089,"comment_status":"open","ping_status":"open","sticky":false,"template":"","format":"standard","meta":{"footnotes":""},"categories":[28],"tags":[],"class_list":{"0":"post-2088","1":"post","2":"type-post","3":"status-publish","4":"format-standard","5":"has-post-thumbnail","7":"category-locales"},"aioseo_notices":[],"_links":{"self":[{"href":"https:\/\/lalupa24.com.ar\/index.php\/wp-json\/wp\/v2\/posts\/2088","targetHints":{"allow":["GET"]}}],"collection":[{"href":"https:\/\/lalupa24.com.ar\/index.php\/wp-json\/wp\/v2\/posts"}],"about":[{"href":"https:\/\/lalupa24.com.ar\/index.php\/wp-json\/wp\/v2\/types\/post"}],"author":[{"embeddable":true,"href":"https:\/\/lalupa24.com.ar\/index.php\/wp-json\/wp\/v2\/users\/2"}],"replies":[{"embeddable":true,"href":"https:\/\/lalupa24.com.ar\/index.php\/wp-json\/wp\/v2\/comments?post=2088"}],"version-history":[{"count":1,"href":"https:\/\/lalupa24.com.ar\/index.php\/wp-json\/wp\/v2\/posts\/2088\/revisions"}],"predecessor-version":[{"id":2090,"href":"https:\/\/lalupa24.com.ar\/index.php\/wp-json\/wp\/v2\/posts\/2088\/revisions\/2090"}],"wp:featuredmedia":[{"embeddable":true,"href":"https:\/\/lalupa24.com.ar\/index.php\/wp-json\/wp\/v2\/media\/2089"}],"wp:attachment":[{"href":"https:\/\/lalupa24.com.ar\/index.php\/wp-json\/wp\/v2\/media?parent=2088"}],"wp:term":[{"taxonomy":"category","embeddable":true,"href":"https:\/\/lalupa24.com.ar\/index.php\/wp-json\/wp\/v2\/categories?post=2088"},{"taxonomy":"post_tag","embeddable":true,"href":"https:\/\/lalupa24.com.ar\/index.php\/wp-json\/wp\/v2\/tags?post=2088"}],"curies":[{"name":"wp","href":"https:\/\/api.w.org\/{rel}","templated":true}]}}