{"id":2103,"date":"2024-09-18T08:45:38","date_gmt":"2024-09-18T11:45:38","guid":{"rendered":"https:\/\/lalupa24.com.ar\/?p=2103"},"modified":"2024-09-18T08:45:40","modified_gmt":"2024-09-18T11:45:40","slug":"nacho-torres-milei-mintio-las-provincias-no-son-responsables-del-descalabro-fiscal","status":"publish","type":"post","link":"https:\/\/lalupa24.com.ar\/index.php\/2024\/09\/18\/nacho-torres-milei-mintio-las-provincias-no-son-responsables-del-descalabro-fiscal\/","title":{"rendered":"Nacho Torres: \u00abMilei minti\u00f3, las provincias no son responsables del descalabro fiscal\u00bb"},"content":{"rendered":"\n<p>\u00abEl equilibrio fiscal se tiene que lograr cumpliendo con la ley, si no es ilegal\u00bb, advirti\u00f3 el gobernador de Chubut sobre la deuda de Naci\u00f3n con las cajas previsionales.<\/p>\n\n\n\n<p>El gobernador de Chubut, Ignacio Torres, sali\u00f3 al cruce de las afirmaciones de Javier Milei durante la presentaci\u00f3n del Presupuesto 2025 y asegur\u00f3 que el Presidente \u00abminti\u00f3\u00bb al responsabilizar a las provincias por el d\u00e9ficit fiscal.<\/p>\n\n\n\n<p>\u00abAyer el Presidente minti\u00f3 diciendo que las provincias son las responsables del descalabro fiscal y diciendo que iba a haber&nbsp;un ajuste de 60 mil millones de d\u00f3lares, que es mentira\u00bb, afirm\u00f3 Torres tras la reuni\u00f3n que mantuvieron con Guillermo Francos y Luis Caputo.<\/p>\n\n\n\n<p>\u00abPor eso celebro que (en la reuni\u00f3n) se haya blanqueado esa situaci\u00f3n y que el jueves tengamos un texto definitivo y que se reconozca el esfuerzo fiscal que estamos haciendo las provincias, que de cada 100 que aportamos s\u00f3lo recibimos 40\u00bb, afirm\u00f3 Torres ante Canal 12 y otros medios de Chubut.<\/p>\n\n\n\n<p>\u00abLa reuni\u00f3n con Francos fue buena. La verdad que en primer lugar desminti\u00f3 el ajuste de los 60.000 millones de d\u00f3lares, lo cual si bien nosotros entend\u00edamos que era un giro discursivo, que era totalmente inaplicable, es valioso que reconozca el Ministro que efectivamente no es as\u00ed\u00bb, continu\u00f3 el chubutense.<\/p>\n\n\n\n<p>Torres dijo que durante la reuni\u00f3n con los ministros hubo un reconocimiento a Chubut, Santa Fe y Entre R\u00edos por el ordenamiento de las cuentas.&nbsp;\u00abPor eso es injusto cuando se generaliza, porque cuando uno tiene que tomar una decisi\u00f3n se necesita m\u00fasculo pol\u00edtico, y ese m\u00fasculo pol\u00edtico se gana diciendo la verdad, no buscando un chivo expiatorio para pelearse\u00bb, dijo en relaci\u00f3n a Milei.<\/p>\n\n\n\n<p>El chubutense tambi\u00e9n asegur\u00f3 que lograron un compromiso para incluir en el proyecto de Presupuesto el pago a las provincias de la deuda que Naci\u00f3n tiene con las cajas previsionales.<\/p>\n\n\n\n<p>\u00abEl equilibrio fiscal se tiene que lograr cumpliendo con la ley, si no es ilegal lo que est\u00e1s haciendo. La ley dice la Naci\u00f3n tiene que devolver a las provincias que no transfirieron sus cajas, lo que aportan a la Anses\u00bb, finaliz\u00f3.<\/p>\n","protected":false},"excerpt":{"rendered":"<p>\u00abEl equilibrio fiscal se tiene que lograr cumpliendo con la ley, si no es ilegal\u00bb, advirti\u00f3 el gobernador de Chubut sobre la deuda de Naci\u00f3n con las cajas previsionales. El gobernador de Chubut, Ignacio Torres, sali\u00f3 al cruce de las afirmaciones de Javier Milei durante la presentaci\u00f3n del Presupuesto 2025 y asegur\u00f3 que el Presidente [&hellip;]<\/p>\n","protected":false},"author":2,"featured_media":2104,"comment_status":"open","ping_status":"open","sticky":false,"template":"","format":"standard","meta":{"footnotes":""},"categories":[27],"tags":[],"class_list":{"0":"post-2103","1":"post","2":"type-post","3":"status-publish","4":"format-standard","5":"has-post-thumbnail","7":"category-interior"},"aioseo_notices":[],"_links":{"self":[{"href":"https:\/\/lalupa24.com.ar\/index.php\/wp-json\/wp\/v2\/posts\/2103","targetHints":{"allow":["GET"]}}],"collection":[{"href":"https:\/\/lalupa24.com.ar\/index.php\/wp-json\/wp\/v2\/posts"}],"about":[{"href":"https:\/\/lalupa24.com.ar\/index.php\/wp-json\/wp\/v2\/types\/post"}],"author":[{"embeddable":true,"href":"https:\/\/lalupa24.com.ar\/index.php\/wp-json\/wp\/v2\/users\/2"}],"replies":[{"embeddable":true,"href":"https:\/\/lalupa24.com.ar\/index.php\/wp-json\/wp\/v2\/comments?post=2103"}],"version-history":[{"count":1,"href":"https:\/\/lalupa24.com.ar\/index.php\/wp-json\/wp\/v2\/posts\/2103\/revisions"}],"predecessor-version":[{"id":2105,"href":"https:\/\/lalupa24.com.ar\/index.php\/wp-json\/wp\/v2\/posts\/2103\/revisions\/2105"}],"wp:featuredmedia":[{"embeddable":true,"href":"https:\/\/lalupa24.com.ar\/index.php\/wp-json\/wp\/v2\/media\/2104"}],"wp:attachment":[{"href":"https:\/\/lalupa24.com.ar\/index.php\/wp-json\/wp\/v2\/media?parent=2103"}],"wp:term":[{"taxonomy":"category","embeddable":true,"href":"https:\/\/lalupa24.com.ar\/index.php\/wp-json\/wp\/v2\/categories?post=2103"},{"taxonomy":"post_tag","embeddable":true,"href":"https:\/\/lalupa24.com.ar\/index.php\/wp-json\/wp\/v2\/tags?post=2103"}],"curies":[{"name":"wp","href":"https:\/\/api.w.org\/{rel}","templated":true}]}}