{"id":2116,"date":"2024-09-18T21:27:18","date_gmt":"2024-09-19T00:27:18","guid":{"rendered":"https:\/\/lalupa24.com.ar\/?p=2116"},"modified":"2024-09-18T21:27:20","modified_gmt":"2024-09-19T00:27:20","slug":"creando-capacidades-locales-desde-el-municipio-destacan-la-posibilidad-de-apuntalar-la-capacitacion-para-el-empleo","status":"publish","type":"post","link":"https:\/\/lalupa24.com.ar\/index.php\/2024\/09\/18\/creando-capacidades-locales-desde-el-municipio-destacan-la-posibilidad-de-apuntalar-la-capacitacion-para-el-empleo\/","title":{"rendered":"&#8220;Creando capacidades locales&#8221; desde el municipio destacan la posibilidad de apuntalar la capacitaci\u00f3n para el empleo"},"content":{"rendered":"\n<p>La Municipalidad de Resistencia acompa\u00f1\u00f3 al Gobierno Provincial en el lanzamiento del programa &#8220;Creando Capacidades Locales. Para potenciar la Empleabilidad, el Emprendimiento y la Innovaci\u00f3n&#8221;. Una plataforma que busca mejorar las habilidades de las personas a trav\u00e9s de la capacitaci\u00f3n y las oportunidades de vinculaci\u00f3n con el sector privado. Chaco es la primera provincia en sumarse a esta iniciativa.<\/p>\n\n\n\n<p>Andrea Ledesma, subsecretaria de Desarrollo Econ\u00f3mico de la Municipalidad, explic\u00f3 que en esta plataforma hay 400 cursos online que son gratuitos, accesibles y se puede orientar cu\u00e1l es el perfil de cada persona. &#8220;A partir de all\u00ed, en la medida en que el sector privado requiera personal, nosotros como gobierno tenemos la posibilidad de ver quienes se est\u00e1n formando en las habilidades requeridas. De manera que en el momento en que una empresa quiera incorporar un trabajador tenga recursos calificados disponible&#8221;, aclar\u00f3.<\/p>\n\n\n\n<p>Del anuncio participaron tambi\u00e9n representantes de C\u00e1mara de Comercio de Resistencia. Su presidente Walter Bistman, expres\u00f3 que este tipo de capacitaciones son fundamentales para el sector privado. &#8220;Cuando una empresa necesita contratar un empleado o un colaborador en distintas ramas, siempre cuesta mucho y siempre faltan capacitaciones. Esto va a ayudar mucho, porque se va a generar una bolsa de trabajo donde una empresa va a requerir y va a poder contar con el perfil requerido para el empleo&#8221;, indic\u00f3 el dirigente.<\/p>\n\n\n\n<p>TRABAJO CONJUNTO<\/p>\n\n\n\n<p>Este proyecto que se da a partir de una alianza entre el Gobierno Nacional, el Gobierno Provincial, los gobiernos locales y el sector privado a trav\u00e9s de la CAME, propone un cambio en relaci\u00f3n al apoyo del Estado a quienes buscan y a quienes generan empleo. Pablo Mujica, secretario de Desarrollo Humano, explic\u00f3: &#8220;Estamos hablando del inicio de algo mucho m\u00e1s importante, que es cambiar el paradigma del Gobierno que sostiene y sostiene hasta que vayamos a la formalidad, para empezar a trabajar en la construcci\u00f3n de espacios de capacitaci\u00f3n y de construcci\u00f3n de capacidades para que los mismos emprendedores no se queden en el tiempo y puedan apuntalarse para su emprendimiento y para siempre&#8221;.<\/p>\n","protected":false},"excerpt":{"rendered":"<p>La Municipalidad de Resistencia acompa\u00f1\u00f3 al Gobierno Provincial en el lanzamiento del programa &#8220;Creando Capacidades Locales. Para potenciar la Empleabilidad, el Emprendimiento y la Innovaci\u00f3n&#8221;. Una plataforma que busca mejorar las habilidades de las personas a trav\u00e9s de la capacitaci\u00f3n y las oportunidades de vinculaci\u00f3n con el sector privado. Chaco es la primera provincia en [&hellip;]<\/p>\n","protected":false},"author":2,"featured_media":2117,"comment_status":"open","ping_status":"open","sticky":false,"template":"","format":"standard","meta":{"footnotes":""},"categories":[28],"tags":[],"class_list":{"0":"post-2116","1":"post","2":"type-post","3":"status-publish","4":"format-standard","5":"has-post-thumbnail","7":"category-locales"},"aioseo_notices":[],"_links":{"self":[{"href":"https:\/\/lalupa24.com.ar\/index.php\/wp-json\/wp\/v2\/posts\/2116","targetHints":{"allow":["GET"]}}],"collection":[{"href":"https:\/\/lalupa24.com.ar\/index.php\/wp-json\/wp\/v2\/posts"}],"about":[{"href":"https:\/\/lalupa24.com.ar\/index.php\/wp-json\/wp\/v2\/types\/post"}],"author":[{"embeddable":true,"href":"https:\/\/lalupa24.com.ar\/index.php\/wp-json\/wp\/v2\/users\/2"}],"replies":[{"embeddable":true,"href":"https:\/\/lalupa24.com.ar\/index.php\/wp-json\/wp\/v2\/comments?post=2116"}],"version-history":[{"count":1,"href":"https:\/\/lalupa24.com.ar\/index.php\/wp-json\/wp\/v2\/posts\/2116\/revisions"}],"predecessor-version":[{"id":2118,"href":"https:\/\/lalupa24.com.ar\/index.php\/wp-json\/wp\/v2\/posts\/2116\/revisions\/2118"}],"wp:featuredmedia":[{"embeddable":true,"href":"https:\/\/lalupa24.com.ar\/index.php\/wp-json\/wp\/v2\/media\/2117"}],"wp:attachment":[{"href":"https:\/\/lalupa24.com.ar\/index.php\/wp-json\/wp\/v2\/media?parent=2116"}],"wp:term":[{"taxonomy":"category","embeddable":true,"href":"https:\/\/lalupa24.com.ar\/index.php\/wp-json\/wp\/v2\/categories?post=2116"},{"taxonomy":"post_tag","embeddable":true,"href":"https:\/\/lalupa24.com.ar\/index.php\/wp-json\/wp\/v2\/tags?post=2116"}],"curies":[{"name":"wp","href":"https:\/\/api.w.org\/{rel}","templated":true}]}}