{"id":212,"date":"2024-03-04T05:41:38","date_gmt":"2024-03-04T08:41:38","guid":{"rendered":"https:\/\/lalupa24.com.ar\/?p=6053"},"modified":"2024-03-04T16:27:23","modified_gmt":"2024-03-04T19:27:23","slug":"el-proximo-lunes-4-de-marzo-marcara-el-regreso-a-las-aulas-para-los-estudiantes-chaquenos","status":"publish","type":"post","link":"https:\/\/lalupa24.com.ar\/index.php\/2024\/03\/04\/el-proximo-lunes-4-de-marzo-marcara-el-regreso-a-las-aulas-para-los-estudiantes-chaquenos\/","title":{"rendered":"Lunes 4 de marzo: regreso a las aulas para los estudiantes chaque\u00f1os"},"content":{"rendered":"\n<p>Dando inicio al Ciclo Lectivo 2024. Con un total de m\u00e1s de 450 mil estudiantes, tanto de nivel Inicial como Primario y Secundario, se espera un reencuentro entre alumnos, docentes y directivos despu\u00e9s del per\u00edodo de vacaciones de verano. Mientras que el personal educativo ya ha retomado sus labores desde el 22 de febrero, participando en jornadas institucionales para planificar estrategias de fortalecimiento.<\/p>\n\n\n\n<p>Este a\u00f1o, el inicio del ciclo lectivo presenta una particularidad, ya que los tres niveles educativos obligatorios arrancan clases al un\u00edsono. En lugar de un acto centralizado, el gobernador Leandro Zdero, junto con las autoridades educativas, estar\u00e1 presente en tres establecimientos distintos para dar inicio a las clases: la Escuela Primaria N\u00ba 59 de Quitilipi a las 8:00 a.m., el Jard\u00edn de Infantes N\u00ba 9 de S\u00e1enz Pe\u00f1a a las 11:00 a.m. para el Nivel Inicial, y la Escuela Secundaria N\u00ba 5 de Las Bre\u00f1as a las 18:00.<\/p>\n\n\n\n<p>Previamente al comienzo de las clases, el gobierno provincial ha llevado a cabo operativos de mantenimiento y limpieza en los edificios escolares, asegurando condiciones \u00f3ptimas para el aprendizaje y la seguridad de los estudiantes y docentes. Adem\u00e1s, se han implementado medidas como el Plan Vig\u00eda para prevenir robos y vandalismo.<\/p>\n\n\n\n<p>En cuanto a los recursos, se han asignado partidas para insumos escolares y mantenimiento de edificios durante 10 meses consecutivos. Todas las escuelas recibir\u00e1n banderas de Argentina, de Chaco y la bandera Wiphala en las escuelas ind\u00edgenas. Adem\u00e1s, se ha garantizado la continuidad de la cl\u00e1usula gatillo para los docentes y se ha extendido el beneficio del boleto estudiantil gratuito, incluyendo a los maestros que deban desplazarse entre localidades.<\/p>\n\n\n\n<p>El gobernador Zdero ha destacado la importancia de recuperar y fortalecer la educaci\u00f3n, enfatizando en la necesidad de trabajar en conjunto para brindar oportunidades a los estudiantes. Se han anunciado cambios pedag\u00f3gicos, como un Nuevo R\u00e9gimen Acad\u00e9mico para el Nivel Secundario, orientado a revalorizar el esfuerzo y fortalecer los conocimientos en lengua y matem\u00e1ticas. Adem\u00e1s, se est\u00e1 desarrollando una nueva plataforma educativa, Somos Futuro, que incorporar\u00e1 temas de actualidad como inteligencia artificial, rob\u00f3tica y programaci\u00f3n, junto con la instalaci\u00f3n de m\u00e1s de 500 pisos tecnol\u00f3gicos en todas las escuelas provinciales.<\/p>\n\n\n\n<p>La ministra de Educaci\u00f3n, Sof\u00eda Naidenoff, ha instado a los docentes a llenar las aulas este lunes, reconociendo el valor emocional del primer d\u00eda de clases para los estudiantes y sus familias. En su mensaje, Naidenoff expres\u00f3 su confianza en que este nuevo ciclo encontrar\u00e1 a todos unidos, acompa\u00f1ando a los padres en el proceso educativo.<\/p>\n","protected":false},"excerpt":{"rendered":"<p>Dando inicio al Ciclo Lectivo 2024. Con un total de m\u00e1s de 450 mil estudiantes, tanto de nivel Inicial como Primario y Secundario, se espera un reencuentro entre alumnos, docentes y directivos despu\u00e9s del per\u00edodo de vacaciones de verano. <\/p>\n","protected":false},"author":1,"featured_media":213,"comment_status":"open","ping_status":"open","sticky":false,"template":"","format":"standard","meta":{"footnotes":""},"categories":[28],"tags":[],"class_list":{"0":"post-212","1":"post","2":"type-post","3":"status-publish","4":"format-standard","5":"has-post-thumbnail","7":"category-locales"},"aioseo_notices":[],"_links":{"self":[{"href":"https:\/\/lalupa24.com.ar\/index.php\/wp-json\/wp\/v2\/posts\/212","targetHints":{"allow":["GET"]}}],"collection":[{"href":"https:\/\/lalupa24.com.ar\/index.php\/wp-json\/wp\/v2\/posts"}],"about":[{"href":"https:\/\/lalupa24.com.ar\/index.php\/wp-json\/wp\/v2\/types\/post"}],"author":[{"embeddable":true,"href":"https:\/\/lalupa24.com.ar\/index.php\/wp-json\/wp\/v2\/users\/1"}],"replies":[{"embeddable":true,"href":"https:\/\/lalupa24.com.ar\/index.php\/wp-json\/wp\/v2\/comments?post=212"}],"version-history":[{"count":1,"href":"https:\/\/lalupa24.com.ar\/index.php\/wp-json\/wp\/v2\/posts\/212\/revisions"}],"predecessor-version":[{"id":225,"href":"https:\/\/lalupa24.com.ar\/index.php\/wp-json\/wp\/v2\/posts\/212\/revisions\/225"}],"wp:featuredmedia":[{"embeddable":true,"href":"https:\/\/lalupa24.com.ar\/index.php\/wp-json\/wp\/v2\/media\/213"}],"wp:attachment":[{"href":"https:\/\/lalupa24.com.ar\/index.php\/wp-json\/wp\/v2\/media?parent=212"}],"wp:term":[{"taxonomy":"category","embeddable":true,"href":"https:\/\/lalupa24.com.ar\/index.php\/wp-json\/wp\/v2\/categories?post=212"},{"taxonomy":"post_tag","embeddable":true,"href":"https:\/\/lalupa24.com.ar\/index.php\/wp-json\/wp\/v2\/tags?post=212"}],"curies":[{"name":"wp","href":"https:\/\/api.w.org\/{rel}","templated":true}]}}