{"id":2129,"date":"2024-09-19T13:00:00","date_gmt":"2024-09-19T16:00:00","guid":{"rendered":"https:\/\/lalupa24.com.ar\/?p=2129"},"modified":"2024-09-19T08:51:12","modified_gmt":"2024-09-19T11:51:12","slug":"intensifican-preparativos-con-variada-agenda-para-los-jovenes-en-esta-estudiantina","status":"publish","type":"post","link":"https:\/\/lalupa24.com.ar\/index.php\/2024\/09\/19\/intensifican-preparativos-con-variada-agenda-para-los-jovenes-en-esta-estudiantina\/","title":{"rendered":"Intensifican preparativos con variada agenda para los j\u00f3venes en esta estudiantina"},"content":{"rendered":"\n<p><\/p>\n\n\n\n<p>La Municipalidad de Resistencia ultima detalles para la realizaci\u00f3n de la edici\u00f3n 2024 de la fiesta del D\u00eda del Estudiante y el de la Primavera, a desarrollarse este s\u00e1bado en el Parque Intercultural \u201c2 de Febrero\u201d.<\/p>\n\n\n\n<p>Distintas \u00e1reas delinearon aspectos inherentes a la organizaci\u00f3n de esta Estudiantina que presentar\u00e1 un nuevo sector para la celebraci\u00f3n central, teniendo como sede al denominado punto de encuentro II, ubicado en la esquina de avenidas \u00c1valos y Lavalle.<\/p>\n\n\n\n<p>Para garantizar que el evento sea un \u00e9xito, est\u00e1n trabajando en conjunto sectores como ser Electromec\u00e1nica, Guardia Comunitaria, Limpieza, Salud y las dependencias de las secretar\u00edas de Desarrollo Humano y de Cultura y Turismo.<\/p>\n\n\n\n<p>Al respecto, el subsecretario de Cultura, Alejandro Buffa, indic\u00f3 que el evento comenzar\u00e1 a las 13 horas con m\u00fasica y animaci\u00f3n y prev\u00e9 su cierre a las 20:30 aproximadamente.<\/p>\n\n\n\n<p>Dio a conocer el programa que seguir\u00e1 a las 14 horas con la presentaci\u00f3n del grupo \u201cLa Previa\u201d y a las 15 el concurso de remeras de promoci\u00f3n de alumnos de cuarto a\u00f1o.<\/p>\n\n\n\n<p>Continuar\u00e1 a las 16 con los artistas urbanos Mauri Flow y Ceci Host. Una hora despu\u00e9s actuar\u00e1 el grupo \u201cTrinar\u201d.<\/p>\n\n\n\n<p>Para las 18 se prev\u00e9 la apertura del Cofre de la Felicidad con el premio del viaje a Carlos Paz a todo un curso. El cierre estar\u00e1 a cargo de la banda musical \u201cNot Criu\u201d.<\/p>\n\n\n\n<p>Como parte del evento habr\u00e1 un espacio para el emprendedurismo. As\u00ed lo explic\u00f3 Adriana Alem, coordinadora de Econom\u00eda Social: \u201cEstar\u00e1 la feria de emprendedores con los j\u00f3venes sub-21, quienes ya tuvieron sus primeras experiencias en los encuentros por el Mes de las Infancias realizados hace poco\u201d.<\/p>\n\n\n\n<p>Tambi\u00e9n dir\u00e1n presentes \u00e1reas municipales como ser la Subsecretar\u00eda de Deportes con juegos, el colectivo sanitario, stands de Consumos Problem\u00e1ticos, H\u00e1bitos Saludables y el programa Nutrivida. Los puestos se ubicar\u00e1n en el per\u00edmetro del Parque \u201c2 de Febrero\u201d.<\/p>\n\n\n\n<p>En tanto, la subsecretaria de Acci\u00f3n Social, Jessica Meza, dijo que \u201cnos reunimos distintas \u00e1reas y la intenci\u00f3n es generar un nuevo espacio de encuentro abierto, que se viva una fiesta inolvidable\u201d.<\/p>\n","protected":false},"excerpt":{"rendered":"<p>La Municipalidad de Resistencia ultima detalles para la realizaci\u00f3n de la edici\u00f3n 2024 de la fiesta del D\u00eda del Estudiante y el de la Primavera, a desarrollarse este s\u00e1bado en el Parque Intercultural \u201c2 de Febrero\u201d. Distintas \u00e1reas delinearon aspectos inherentes a la organizaci\u00f3n de esta Estudiantina que presentar\u00e1 un nuevo sector para la celebraci\u00f3n [&hellip;]<\/p>\n","protected":false},"author":2,"featured_media":2130,"comment_status":"open","ping_status":"open","sticky":false,"template":"","format":"standard","meta":{"footnotes":""},"categories":[28],"tags":[],"class_list":{"0":"post-2129","1":"post","2":"type-post","3":"status-publish","4":"format-standard","5":"has-post-thumbnail","7":"category-locales"},"aioseo_notices":[],"_links":{"self":[{"href":"https:\/\/lalupa24.com.ar\/index.php\/wp-json\/wp\/v2\/posts\/2129","targetHints":{"allow":["GET"]}}],"collection":[{"href":"https:\/\/lalupa24.com.ar\/index.php\/wp-json\/wp\/v2\/posts"}],"about":[{"href":"https:\/\/lalupa24.com.ar\/index.php\/wp-json\/wp\/v2\/types\/post"}],"author":[{"embeddable":true,"href":"https:\/\/lalupa24.com.ar\/index.php\/wp-json\/wp\/v2\/users\/2"}],"replies":[{"embeddable":true,"href":"https:\/\/lalupa24.com.ar\/index.php\/wp-json\/wp\/v2\/comments?post=2129"}],"version-history":[{"count":1,"href":"https:\/\/lalupa24.com.ar\/index.php\/wp-json\/wp\/v2\/posts\/2129\/revisions"}],"predecessor-version":[{"id":2131,"href":"https:\/\/lalupa24.com.ar\/index.php\/wp-json\/wp\/v2\/posts\/2129\/revisions\/2131"}],"wp:featuredmedia":[{"embeddable":true,"href":"https:\/\/lalupa24.com.ar\/index.php\/wp-json\/wp\/v2\/media\/2130"}],"wp:attachment":[{"href":"https:\/\/lalupa24.com.ar\/index.php\/wp-json\/wp\/v2\/media?parent=2129"}],"wp:term":[{"taxonomy":"category","embeddable":true,"href":"https:\/\/lalupa24.com.ar\/index.php\/wp-json\/wp\/v2\/categories?post=2129"},{"taxonomy":"post_tag","embeddable":true,"href":"https:\/\/lalupa24.com.ar\/index.php\/wp-json\/wp\/v2\/tags?post=2129"}],"curies":[{"name":"wp","href":"https:\/\/api.w.org\/{rel}","templated":true}]}}