{"id":2137,"date":"2024-09-19T10:42:00","date_gmt":"2024-09-19T13:42:00","guid":{"rendered":"https:\/\/lalupa24.com.ar\/?p=2137"},"modified":"2024-09-19T09:47:35","modified_gmt":"2024-09-19T12:47:35","slug":"el-municipio-acompano-la-celebracion-del-dia-de-la-creacion-de-la-bandera-del-chaco","status":"publish","type":"post","link":"https:\/\/lalupa24.com.ar\/index.php\/2024\/09\/19\/el-municipio-acompano-la-celebracion-del-dia-de-la-creacion-de-la-bandera-del-chaco\/","title":{"rendered":"El municipio acompa\u00f1o la celebraci\u00f3n del d\u00eda de la creaci\u00f3n de la bandera del chaco"},"content":{"rendered":"\n<p>La Municipalidad de Resistencia acompa\u00f1\u00f3 la celebraci\u00f3n del 17\u00b0 aniversario de la creaci\u00f3n de la Bandera del Chaco. Con la presencia de su creador, Orlando Gadotti, y de personal de la Direcci\u00f3n de Ceremonial y Protocolo comunal, se izaron las ense\u00f1as nacional y provincial en el M\u00e1stil Mayor.<\/p>\n\n\n\n<p>\u201cEstoy muy contento, compartiendo esta emoci\u00f3n con la gente de Protocolo municipal\u201d, dijo Gadotti y agreg\u00f3: \u201cPas\u00f3 tanto tiempo de su creaci\u00f3n de esta bandera que entr\u00f3 en el coraz\u00f3n de los chaque\u00f1os\u201d.<\/p>\n\n\n\n<figure class=\"wp-block-image size-large\"><img loading=\"lazy\" decoding=\"async\" width=\"1024\" height=\"746\" src=\"https:\/\/lalupa24.com.ar\/wp-content\/uploads\/2024\/09\/27ffd54b-9816-4106-8796-e90d502dd7da-1024x746.jpg\" alt=\"\" class=\"wp-image-2139\" srcset=\"https:\/\/lalupa24.com.ar\/wp-content\/uploads\/2024\/09\/27ffd54b-9816-4106-8796-e90d502dd7da-1024x746.jpg 1024w, https:\/\/lalupa24.com.ar\/wp-content\/uploads\/2024\/09\/27ffd54b-9816-4106-8796-e90d502dd7da-300x219.jpg 300w, https:\/\/lalupa24.com.ar\/wp-content\/uploads\/2024\/09\/27ffd54b-9816-4106-8796-e90d502dd7da-768x560.jpg 768w, https:\/\/lalupa24.com.ar\/wp-content\/uploads\/2024\/09\/27ffd54b-9816-4106-8796-e90d502dd7da-1536x1119.jpg 1536w, https:\/\/lalupa24.com.ar\/wp-content\/uploads\/2024\/09\/27ffd54b-9816-4106-8796-e90d502dd7da-150x109.jpg 150w, https:\/\/lalupa24.com.ar\/wp-content\/uploads\/2024\/09\/27ffd54b-9816-4106-8796-e90d502dd7da-696x507.jpg 696w, https:\/\/lalupa24.com.ar\/wp-content\/uploads\/2024\/09\/27ffd54b-9816-4106-8796-e90d502dd7da-1068x778.jpg 1068w, https:\/\/lalupa24.com.ar\/wp-content\/uploads\/2024\/09\/27ffd54b-9816-4106-8796-e90d502dd7da.jpg 1600w\" sizes=\"auto, (max-width: 1024px) 100vw, 1024px\" \/><\/figure>\n\n\n\n<p>\u201cLo adoptaron r\u00e1pidamente y me embarga un enorme orgullo, pero como esto es parte de mi trabajo, es como que a\u00fan no caigo, convivo con ella y quiz\u00e1s el d\u00eda que me retire pueda disfrutarla m\u00e1s, pero no dejo de inflar el pecho cada vez que la veo desplegada\u201d, expres\u00f3 el creador de la bandera, quien tambi\u00e9n es director de Protocolo del Gobierno Provincial.<\/p>\n","protected":false},"excerpt":{"rendered":"<p>La Municipalidad de Resistencia acompa\u00f1\u00f3 la celebraci\u00f3n del 17\u00b0 aniversario de la creaci\u00f3n de la Bandera del Chaco. Con la presencia de su creador, Orlando Gadotti, y de personal de la Direcci\u00f3n de Ceremonial y Protocolo comunal, se izaron las ense\u00f1as nacional y provincial en el M\u00e1stil Mayor. \u201cEstoy muy contento, compartiendo esta emoci\u00f3n con [&hellip;]<\/p>\n","protected":false},"author":2,"featured_media":2140,"comment_status":"open","ping_status":"open","sticky":false,"template":"","format":"standard","meta":{"footnotes":""},"categories":[28],"tags":[],"class_list":{"0":"post-2137","1":"post","2":"type-post","3":"status-publish","4":"format-standard","5":"has-post-thumbnail","7":"category-locales"},"aioseo_notices":[],"_links":{"self":[{"href":"https:\/\/lalupa24.com.ar\/index.php\/wp-json\/wp\/v2\/posts\/2137","targetHints":{"allow":["GET"]}}],"collection":[{"href":"https:\/\/lalupa24.com.ar\/index.php\/wp-json\/wp\/v2\/posts"}],"about":[{"href":"https:\/\/lalupa24.com.ar\/index.php\/wp-json\/wp\/v2\/types\/post"}],"author":[{"embeddable":true,"href":"https:\/\/lalupa24.com.ar\/index.php\/wp-json\/wp\/v2\/users\/2"}],"replies":[{"embeddable":true,"href":"https:\/\/lalupa24.com.ar\/index.php\/wp-json\/wp\/v2\/comments?post=2137"}],"version-history":[{"count":1,"href":"https:\/\/lalupa24.com.ar\/index.php\/wp-json\/wp\/v2\/posts\/2137\/revisions"}],"predecessor-version":[{"id":2141,"href":"https:\/\/lalupa24.com.ar\/index.php\/wp-json\/wp\/v2\/posts\/2137\/revisions\/2141"}],"wp:featuredmedia":[{"embeddable":true,"href":"https:\/\/lalupa24.com.ar\/index.php\/wp-json\/wp\/v2\/media\/2140"}],"wp:attachment":[{"href":"https:\/\/lalupa24.com.ar\/index.php\/wp-json\/wp\/v2\/media?parent=2137"}],"wp:term":[{"taxonomy":"category","embeddable":true,"href":"https:\/\/lalupa24.com.ar\/index.php\/wp-json\/wp\/v2\/categories?post=2137"},{"taxonomy":"post_tag","embeddable":true,"href":"https:\/\/lalupa24.com.ar\/index.php\/wp-json\/wp\/v2\/tags?post=2137"}],"curies":[{"name":"wp","href":"https:\/\/api.w.org\/{rel}","templated":true}]}}